{"id":22405,"date":"2020-07-14T11:02:17","date_gmt":"2020-07-14T11:02:17","guid":{"rendered":"https:\/\/castlepodsreda.com\/summer-of-music-at-podsreda-castle\/"},"modified":"2023-03-11T17:35:46","modified_gmt":"2023-03-11T17:35:46","slug":"summer-of-music-at-podsreda-castle","status":"publish","type":"post","link":"https:\/\/castlepodsreda.com\/en\/summer-of-music-at-podsreda-castle\/","title":{"rendered":"SUMMER OF MUSIC AT PODSREDA CASTLE"},"content":{"rendered":"<p>[vc_row][vc_column][vc_column_text]<\/p>\n<p>\n<br\/>&#13;\nV petek, 10.7. 2020 smo zaklju\u010dili s prvim od \u0161tirih glasbenih seminarjev, ki jih \u017eelimo v leto\u0161njem letu izvesti v Kozjanskem parku v okviru\u00a0<a href=\"https:\/\/kozjanski-park.si\/?page_id=990\">Glasbenega poletja<\/a>\u00a0na gradu Podsreda.&#13;\n<p><\/p><br\/>&#13;\nZa nami je seminar za klarinet, v nadaljevanju poletja, pa \u010de nam bo sre\u010da mila, bomo izvedli \u0161e seminarje za violon\u010delo, flavto in trobento.&#13;\n<p><\/p><br\/>&#13;\nUmetni\u0161ki vodja Glasbenega poletja na gradu Podsreda je profesor Andrej Zupan.&#13;\n<p><\/p><br\/>&#13;\nV leto\u0161njem letu bodo vsi koncerti namenjeni izklju\u010dno udele\u017eencem seminarjev in njihovim star\u0161em.&#13;\n<p><\/p><p>[\/vc_column_text][vc_single_image image=&#8221;15473&#8243; img_size=&#8221;full&#8221;][\/vc_column][\/vc_row]<\/p>\n","protected":false},"excerpt":{"rendered":"<p>The first seminar of the Music Summer at Podsreda Castle &#8211; a clarinet seminar &#8211; has finished.<\/p>\n","protected":false},"author":2,"featured_media":15472,"comment_status":"open","ping_status":"open","sticky":false,"template":"","format":"standard","meta":[],"categories":[149,136],"tags":[],"yoast_head":"<!-- This site is optimized with the Yoast SEO plugin v19.14 - https:\/\/yoast.com\/wordpress\/plugins\/seo\/ -->\n<title>SUMMER OF MUSIC AT PODSREDA CASTLE | Grad Podsreda | Sobe in apartmaji | Grajska ponudba<\/title>\n<meta name=\"robots\" content=\"index, follow, max-snippet:-1, max-image-preview:large, max-video-preview:-1\" \/>\n<link rel=\"canonical\" href=\"https:\/\/castlepodsreda.com\/en\/summer-of-music-at-podsreda-castle\/\" \/>\n<meta property=\"og:locale\" content=\"en_US\" \/>\n<meta property=\"og:type\" content=\"article\" \/>\n<meta property=\"og:title\" content=\"SUMMER OF MUSIC AT PODSREDA CASTLE | Grad Podsreda | Sobe in apartmaji | Grajska ponudba\" \/>\n<meta property=\"og:description\" content=\"The first seminar of the Music Summer at Podsreda Castle - a clarinet seminar - has finished.\" \/>\n<meta property=\"og:url\" content=\"https:\/\/castlepodsreda.com\/en\/summer-of-music-at-podsreda-castle\/\" \/>\n<meta property=\"og:site_name\" content=\"Grad Podsreda | Sobe in apartmaji | Grajska ponudba\" \/>\n<meta property=\"article:publisher\" content=\"https:\/\/www.facebook.com\/podsredacastle\" \/>\n<meta property=\"article:published_time\" content=\"2020-07-14T11:02:17+00:00\" \/>\n<meta property=\"article:modified_time\" content=\"2023-03-11T17:35:46+00:00\" \/>\n<meta property=\"og:image\" content=\"https:\/\/castlepodsreda.com\/wp-content\/uploads\/2020\/07\/grad-podsreda_Seminar-klarinet-2020_podsredacastle.jpg\" \/>\n\t<meta property=\"og:image:width\" content=\"465\" \/>\n\t<meta property=\"og:image:height\" content=\"420\" \/>\n\t<meta property=\"og:image:type\" content=\"image\/jpeg\" \/>\n<meta name=\"author\" content=\"Administrator\" \/>\n<meta name=\"twitter:card\" content=\"summary_large_image\" \/>\n<meta name=\"twitter:label1\" content=\"Written by\" \/>\n\t<meta name=\"twitter:data1\" content=\"Administrator\" \/>\n\t<meta name=\"twitter:label2\" content=\"Est. reading time\" \/>\n\t<meta name=\"twitter:data2\" content=\"1 minute\" \/>\n<script type=\"application\/ld+json\" class=\"yoast-schema-graph\">{\"@context\":\"https:\/\/schema.org\",\"@graph\":[{\"@type\":\"Article\",\"@id\":\"https:\/\/castlepodsreda.com\/en\/summer-of-music-at-podsreda-castle\/#article\",\"isPartOf\":{\"@id\":\"https:\/\/castlepodsreda.com\/en\/summer-of-music-at-podsreda-castle\/\"},\"author\":{\"name\":\"Administrator\",\"@id\":\"https:\/\/castlepodsreda.com\/en\/#\/schema\/person\/198d485f44bf3a58695a9e70049ea060\"},\"headline\":\"SUMMER OF MUSIC AT PODSREDA CASTLE\",\"datePublished\":\"2020-07-14T11:02:17+00:00\",\"dateModified\":\"2023-03-11T17:35:46+00:00\",\"mainEntityOfPage\":{\"@id\":\"https:\/\/castlepodsreda.com\/en\/summer-of-music-at-podsreda-castle\/\"},\"wordCount\":111,\"commentCount\":0,\"publisher\":{\"@id\":\"https:\/\/castlepodsreda.com\/en\/#organization\"},\"articleSection\":[\"NEWS\"],\"inLanguage\":\"en-US\",\"potentialAction\":[{\"@type\":\"CommentAction\",\"name\":\"Comment\",\"target\":[\"https:\/\/castlepodsreda.com\/en\/summer-of-music-at-podsreda-castle\/#respond\"]}]},{\"@type\":\"WebPage\",\"@id\":\"https:\/\/castlepodsreda.com\/en\/summer-of-music-at-podsreda-castle\/\",\"url\":\"https:\/\/castlepodsreda.com\/en\/summer-of-music-at-podsreda-castle\/\",\"name\":\"SUMMER OF MUSIC AT PODSREDA CASTLE | Grad Podsreda | Sobe in apartmaji | Grajska ponudba\",\"isPartOf\":{\"@id\":\"https:\/\/castlepodsreda.com\/en\/#website\"},\"datePublished\":\"2020-07-14T11:02:17+00:00\",\"dateModified\":\"2023-03-11T17:35:46+00:00\",\"breadcrumb\":{\"@id\":\"https:\/\/castlepodsreda.com\/en\/summer-of-music-at-podsreda-castle\/#breadcrumb\"},\"inLanguage\":\"en-US\",\"potentialAction\":[{\"@type\":\"ReadAction\",\"target\":[\"https:\/\/castlepodsreda.com\/en\/summer-of-music-at-podsreda-castle\/\"]}]},{\"@type\":\"BreadcrumbList\",\"@id\":\"https:\/\/castlepodsreda.com\/en\/summer-of-music-at-podsreda-castle\/#breadcrumb\",\"itemListElement\":[{\"@type\":\"ListItem\",\"position\":1,\"name\":\"Home\",\"item\":\"https:\/\/castlepodsreda.com\/en\/\"},{\"@type\":\"ListItem\",\"position\":2,\"name\":\"SUMMER OF MUSIC AT PODSREDA CASTLE\"}]},{\"@type\":\"WebSite\",\"@id\":\"https:\/\/castlepodsreda.com\/en\/#website\",\"url\":\"https:\/\/castlepodsreda.com\/en\/\",\"name\":\"Grad Podsreda | Sobe in apartmaji | Grajska ponudba\",\"description\":\"Najbolj grajski med gradovi v Sloveniji\",\"publisher\":{\"@id\":\"https:\/\/castlepodsreda.com\/en\/#organization\"},\"potentialAction\":[{\"@type\":\"SearchAction\",\"target\":{\"@type\":\"EntryPoint\",\"urlTemplate\":\"https:\/\/castlepodsreda.com\/en\/?s={search_term_string}\"},\"query-input\":\"required name=search_term_string\"}],\"inLanguage\":\"en-US\"},{\"@type\":\"Organization\",\"@id\":\"https:\/\/castlepodsreda.com\/en\/#organization\",\"name\":\"Grad Podsreda | Sobe in apartmaji | Grajska ponudba\",\"url\":\"https:\/\/castlepodsreda.com\/en\/\",\"logo\":{\"@type\":\"ImageObject\",\"inLanguage\":\"en-US\",\"@id\":\"https:\/\/castlepodsreda.com\/en\/#\/schema\/logo\/image\/\",\"url\":\"https:\/\/castlepodsreda.com\/wp-content\/uploads\/2020\/04\/logo-grad-podsreda-2.jpg\",\"contentUrl\":\"https:\/\/castlepodsreda.com\/wp-content\/uploads\/2020\/04\/logo-grad-podsreda-2.jpg\",\"width\":576,\"height\":576,\"caption\":\"Grad Podsreda | Sobe in apartmaji | Grajska ponudba\"},\"image\":{\"@id\":\"https:\/\/castlepodsreda.com\/en\/#\/schema\/logo\/image\/\"},\"sameAs\":[\"https:\/\/www.instagram.com\/podsredacastle\/\",\"https:\/\/www.facebook.com\/podsredacastle\"]},{\"@type\":\"Person\",\"@id\":\"https:\/\/castlepodsreda.com\/en\/#\/schema\/person\/198d485f44bf3a58695a9e70049ea060\",\"name\":\"Administrator\",\"image\":{\"@type\":\"ImageObject\",\"inLanguage\":\"en-US\",\"@id\":\"https:\/\/castlepodsreda.com\/en\/#\/schema\/person\/image\/\",\"url\":\"https:\/\/secure.gravatar.com\/avatar\/1d9d2804165559256920cd8e4ed784aa?s=96&d=mm&r=g\",\"contentUrl\":\"https:\/\/secure.gravatar.com\/avatar\/1d9d2804165559256920cd8e4ed784aa?s=96&d=mm&r=g\",\"caption\":\"Administrator\"},\"sameAs\":[\"https:\/\/www.castlepodsreda.com\"]}]}<\/script>\n<!-- \/ Yoast SEO plugin. -->","yoast_head_json":{"title":"SUMMER OF MUSIC AT PODSREDA CASTLE | Grad Podsreda | Sobe in apartmaji | Grajska ponudba","robots":{"index":"index","follow":"follow","max-snippet":"max-snippet:-1","max-image-preview":"max-image-preview:large","max-video-preview":"max-video-preview:-1"},"canonical":"https:\/\/castlepodsreda.com\/en\/summer-of-music-at-podsreda-castle\/","og_locale":"en_US","og_type":"article","og_title":"SUMMER OF MUSIC AT PODSREDA CASTLE | Grad Podsreda | Sobe in apartmaji | Grajska ponudba","og_description":"The first seminar of the Music Summer at Podsreda Castle - a clarinet seminar - has finished.","og_url":"https:\/\/castlepodsreda.com\/en\/summer-of-music-at-podsreda-castle\/","og_site_name":"Grad Podsreda | Sobe in apartmaji | Grajska ponudba","article_publisher":"https:\/\/www.facebook.com\/podsredacastle","article_published_time":"2020-07-14T11:02:17+00:00","article_modified_time":"2023-03-11T17:35:46+00:00","og_image":[{"width":465,"height":420,"url":"https:\/\/castlepodsreda.com\/wp-content\/uploads\/2020\/07\/grad-podsreda_Seminar-klarinet-2020_podsredacastle.jpg","type":"image\/jpeg"}],"author":"Administrator","twitter_card":"summary_large_image","twitter_misc":{"Written by":"Administrator","Est. reading time":"1 minute"},"schema":{"@context":"https:\/\/schema.org","@graph":[{"@type":"Article","@id":"https:\/\/castlepodsreda.com\/en\/summer-of-music-at-podsreda-castle\/#article","isPartOf":{"@id":"https:\/\/castlepodsreda.com\/en\/summer-of-music-at-podsreda-castle\/"},"author":{"name":"Administrator","@id":"https:\/\/castlepodsreda.com\/en\/#\/schema\/person\/198d485f44bf3a58695a9e70049ea060"},"headline":"SUMMER OF MUSIC AT PODSREDA CASTLE","datePublished":"2020-07-14T11:02:17+00:00","dateModified":"2023-03-11T17:35:46+00:00","mainEntityOfPage":{"@id":"https:\/\/castlepodsreda.com\/en\/summer-of-music-at-podsreda-castle\/"},"wordCount":111,"commentCount":0,"publisher":{"@id":"https:\/\/castlepodsreda.com\/en\/#organization"},"articleSection":["NEWS"],"inLanguage":"en-US","potentialAction":[{"@type":"CommentAction","name":"Comment","target":["https:\/\/castlepodsreda.com\/en\/summer-of-music-at-podsreda-castle\/#respond"]}]},{"@type":"WebPage","@id":"https:\/\/castlepodsreda.com\/en\/summer-of-music-at-podsreda-castle\/","url":"https:\/\/castlepodsreda.com\/en\/summer-of-music-at-podsreda-castle\/","name":"SUMMER OF MUSIC AT PODSREDA CASTLE | Grad Podsreda | Sobe in apartmaji | Grajska ponudba","isPartOf":{"@id":"https:\/\/castlepodsreda.com\/en\/#website"},"datePublished":"2020-07-14T11:02:17+00:00","dateModified":"2023-03-11T17:35:46+00:00","breadcrumb":{"@id":"https:\/\/castlepodsreda.com\/en\/summer-of-music-at-podsreda-castle\/#breadcrumb"},"inLanguage":"en-US","potentialAction":[{"@type":"ReadAction","target":["https:\/\/castlepodsreda.com\/en\/summer-of-music-at-podsreda-castle\/"]}]},{"@type":"BreadcrumbList","@id":"https:\/\/castlepodsreda.com\/en\/summer-of-music-at-podsreda-castle\/#breadcrumb","itemListElement":[{"@type":"ListItem","position":1,"name":"Home","item":"https:\/\/castlepodsreda.com\/en\/"},{"@type":"ListItem","position":2,"name":"SUMMER OF MUSIC AT PODSREDA CASTLE"}]},{"@type":"WebSite","@id":"https:\/\/castlepodsreda.com\/en\/#website","url":"https:\/\/castlepodsreda.com\/en\/","name":"Grad Podsreda | Sobe in apartmaji | Grajska ponudba","description":"Najbolj grajski med gradovi v Sloveniji","publisher":{"@id":"https:\/\/castlepodsreda.com\/en\/#organization"},"potentialAction":[{"@type":"SearchAction","target":{"@type":"EntryPoint","urlTemplate":"https:\/\/castlepodsreda.com\/en\/?s={search_term_string}"},"query-input":"required name=search_term_string"}],"inLanguage":"en-US"},{"@type":"Organization","@id":"https:\/\/castlepodsreda.com\/en\/#organization","name":"Grad Podsreda | Sobe in apartmaji | Grajska ponudba","url":"https:\/\/castlepodsreda.com\/en\/","logo":{"@type":"ImageObject","inLanguage":"en-US","@id":"https:\/\/castlepodsreda.com\/en\/#\/schema\/logo\/image\/","url":"https:\/\/castlepodsreda.com\/wp-content\/uploads\/2020\/04\/logo-grad-podsreda-2.jpg","contentUrl":"https:\/\/castlepodsreda.com\/wp-content\/uploads\/2020\/04\/logo-grad-podsreda-2.jpg","width":576,"height":576,"caption":"Grad Podsreda | Sobe in apartmaji | Grajska ponudba"},"image":{"@id":"https:\/\/castlepodsreda.com\/en\/#\/schema\/logo\/image\/"},"sameAs":["https:\/\/www.instagram.com\/podsredacastle\/","https:\/\/www.facebook.com\/podsredacastle"]},{"@type":"Person","@id":"https:\/\/castlepodsreda.com\/en\/#\/schema\/person\/198d485f44bf3a58695a9e70049ea060","name":"Administrator","image":{"@type":"ImageObject","inLanguage":"en-US","@id":"https:\/\/castlepodsreda.com\/en\/#\/schema\/person\/image\/","url":"https:\/\/secure.gravatar.com\/avatar\/1d9d2804165559256920cd8e4ed784aa?s=96&d=mm&r=g","contentUrl":"https:\/\/secure.gravatar.com\/avatar\/1d9d2804165559256920cd8e4ed784aa?s=96&d=mm&r=g","caption":"Administrator"},"sameAs":["https:\/\/www.castlepodsreda.com"]}]}},"_links":{"self":[{"href":"https:\/\/castlepodsreda.com\/en\/wp-json\/wp\/v2\/posts\/22405"}],"collection":[{"href":"https:\/\/castlepodsreda.com\/en\/wp-json\/wp\/v2\/posts"}],"about":[{"href":"https:\/\/castlepodsreda.com\/en\/wp-json\/wp\/v2\/types\/post"}],"author":[{"embeddable":true,"href":"https:\/\/castlepodsreda.com\/en\/wp-json\/wp\/v2\/users\/2"}],"replies":[{"embeddable":true,"href":"https:\/\/castlepodsreda.com\/en\/wp-json\/wp\/v2\/comments?post=22405"}],"version-history":[{"count":3,"href":"https:\/\/castlepodsreda.com\/en\/wp-json\/wp\/v2\/posts\/22405\/revisions"}],"predecessor-version":[{"id":22544,"href":"https:\/\/castlepodsreda.com\/en\/wp-json\/wp\/v2\/posts\/22405\/revisions\/22544"}],"wp:featuredmedia":[{"embeddable":true,"href":"https:\/\/castlepodsreda.com\/en\/wp-json\/wp\/v2\/media\/15472"}],"wp:attachment":[{"href":"https:\/\/castlepodsreda.com\/en\/wp-json\/wp\/v2\/media?parent=22405"}],"wp:term":[{"taxonomy":"category","embeddable":true,"href":"https:\/\/castlepodsreda.com\/en\/wp-json\/wp\/v2\/categories?post=22405"},{"taxonomy":"post_tag","embeddable":true,"href":"https:\/\/castlepodsreda.com\/en\/wp-json\/wp\/v2\/tags?post=22405"}],"curies":[{"name":"wp","href":"https:\/\/api.w.org\/{rel}","templated":true}]}}