{"id":24388,"date":"2023-07-18T07:42:29","date_gmt":"2023-07-18T07:42:29","guid":{"rendered":"https:\/\/castlepodsreda.com\/?p=24388"},"modified":"2023-07-05T09:35:19","modified_gmt":"2023-07-05T09:35:19","slug":"koncert-vokalnega-ansambla-elinor","status":"publish","type":"post","link":"https:\/\/castlepodsreda.com\/en\/koncert-vokalnega-ansambla-elinor\/","title":{"rendered":"ELINOR VOCAL ENSEMBLE CONCERT"},"content":{"rendered":"<p>[vc_row][vc_column][cms_heading description=&#8221;Join us for an enchanting evening of vocal music with the Elinor Vocal Ensemble, performing at Podsreda Castle on 20 July, 7pm.&#8221; description_font_size=&#8221;20&#8243; des_font_weight=&#8221;700&#8243; cms_template=&#8221;cms_heading&#8211;layout2.php&#8221;][cms_space space_lg=&#8221;40&#8243; space_md=&#8221;40&#8243; space_sm=&#8221;40&#8243; space_xs=&#8221;40&#8243;][vc_column_text]Prepare to be enchanted by a diverse program featuring compositions by Ennio Morricone, Cl\u00e9ment Janequin, Andrej Makor, Gregor Rihar, Oskar Dev, James E. Moore, Zolt\u00e1n Kod\u00e1ly, Marij Kogoj, Maurice Durufl\u00e9, Johann Sebastian Bach, and Fr\u00e9d\u00e9ric Chopin.<\/p>\n<p>The Elinor Vocal Ensemble operates under the auspices of the Basilica of the Mother of Mercy in Maribor. Under the artistic direction of Robert Fegu\u0161, the ensemble strives for singing excellence and the talented singers present a stunning selection of Renaissance, Baroque, Classical, Romantic, and contemporary choral works.<\/p>\n<p>Ticket booking: <a href=\"https:\/\/www.petje.pro\/blog-sl\/rezervacije-podsreda\/\">VISIT SITE (KLIK)<\/a>.<\/p>\n<p>&nbsp;<\/p>\n<p>For more information about the ensemble: <a href=\"http:\/\/Prepare to be enchanted by a diverse program featuring compositions by Ennio Morricone, Cl\u00e9ment Janequin, Andrej Makor, Gregor Rihar, Oskar Dev, James E. Moore, Zolt\u00e1n Kod\u00e1ly, Marij Kogoj, Maurice Durufl\u00e9, Johann Sebastian Bach, and Fr\u00e9d\u00e9ric Chopin. \ud83c\udfb6\ud83c\udfb5 The Elinor Vocal Ensemble operates under the auspices of the Basilica of the Mother of Mercy in Maribor. Under the artistic direction of Robert Fegu\u0161, the ensemble strives for singing excellence and the talented singers present a stunning selection of Renaissance, Baroque, Classical, Romantic, and contemporary choral works. \ud83c\udf1f Ticket booking: https:\/\/www.petje.pro\/blog-sl\/rezervacije-podsreda\/ For more information about the ensemble, visit www.elinorensemble.eu. We look forward to welcoming you to this exceptional concert at Podsreda Castle! \ud83c\udff0\ud83c\udfb6 #ElinorEnsembleConcert #VocalEnsemble #PodsredaCastle #ChoralMusic\">visit www.elinorensemble.eu<\/a>.<\/p>\n<p>We look forward to welcoming you to this exceptional concert at Podsreda Castle![\/vc_column_text][\/vc_column][\/vc_row][vc_row][vc_column][vc_video link=&#8221;https:\/\/www.youtube.com\/watch?v=C_ewdRGQI2Q&amp;t=1s&#8221;][\/vc_column][\/vc_row]<\/p>\n","protected":false},"excerpt":{"rendered":"<p>Join us for an enchanting evening of vocal music with the Elinor Vocal Ensemble, performing at Podsreda Castle on 20 July, 7pm.<\/p>\n","protected":false},"author":2,"featured_media":24396,"comment_status":"open","ping_status":"open","sticky":false,"template":"","format":"standard","meta":[],"categories":[151,149,150],"tags":[],"yoast_head":"<!-- This site is optimized with the Yoast SEO plugin v19.14 - https:\/\/yoast.com\/wordpress\/plugins\/seo\/ -->\n<title>ELINOR VOCAL ENSEMBLE CONCERT | Grad Podsreda | Sobe in apartmaji | Grajska ponudba<\/title>\n<meta name=\"description\" content=\"Join us for an enchanting evening of vocal music with the Elinor Vocal Ensemble, performing at Podsreda Castle on 20 July, 7pm.\" \/>\n<meta name=\"robots\" content=\"index, follow, max-snippet:-1, max-image-preview:large, max-video-preview:-1\" \/>\n<link rel=\"canonical\" href=\"https:\/\/castlepodsreda.com\/en\/koncert-vokalnega-ansambla-elinor\/\" \/>\n<meta property=\"og:locale\" content=\"en_US\" \/>\n<meta property=\"og:type\" content=\"article\" \/>\n<meta property=\"og:title\" content=\"ELINOR VOCAL ENSEMBLE CONCERT | Grad Podsreda | Sobe in apartmaji | Grajska ponudba\" \/>\n<meta property=\"og:description\" content=\"Join us for an enchanting evening of vocal music with the Elinor Vocal Ensemble, performing at Podsreda Castle on 20 July, 7pm.\" \/>\n<meta property=\"og:url\" content=\"https:\/\/castlepodsreda.com\/en\/koncert-vokalnega-ansambla-elinor\/\" \/>\n<meta property=\"og:site_name\" content=\"Grad Podsreda | Sobe in apartmaji | Grajska ponudba\" \/>\n<meta property=\"article:publisher\" content=\"https:\/\/www.facebook.com\/podsredacastle\" \/>\n<meta property=\"article:published_time\" content=\"2023-07-18T07:42:29+00:00\" \/>\n<meta property=\"article:modified_time\" content=\"2023-07-05T09:35:19+00:00\" \/>\n<meta property=\"og:image\" content=\"https:\/\/castlepodsreda.com\/wp-content\/uploads\/2023\/07\/VOKALNI-ANSAMBEL-ELINOR_koncert_2023_Dogodki-na-gradu_Concert_Podsreda-castle_cover.jpg\" \/>\n\t<meta property=\"og:image:width\" content=\"465\" \/>\n\t<meta property=\"og:image:height\" content=\"420\" \/>\n\t<meta property=\"og:image:type\" content=\"image\/jpeg\" \/>\n<meta name=\"author\" content=\"Administrator\" \/>\n<meta name=\"twitter:card\" content=\"summary_large_image\" \/>\n<meta name=\"twitter:label1\" content=\"Written by\" \/>\n\t<meta name=\"twitter:data1\" content=\"Administrator\" \/>\n\t<meta name=\"twitter:label2\" content=\"Est. reading time\" \/>\n\t<meta name=\"twitter:data2\" content=\"1 minute\" \/>\n<script type=\"application\/ld+json\" class=\"yoast-schema-graph\">{\"@context\":\"https:\/\/schema.org\",\"@graph\":[{\"@type\":\"Article\",\"@id\":\"https:\/\/castlepodsreda.com\/en\/koncert-vokalnega-ansambla-elinor\/#article\",\"isPartOf\":{\"@id\":\"https:\/\/castlepodsreda.com\/en\/koncert-vokalnega-ansambla-elinor\/\"},\"author\":{\"name\":\"Administrator\",\"@id\":\"https:\/\/castlepodsreda.com\/en\/#\/schema\/person\/198d485f44bf3a58695a9e70049ea060\"},\"headline\":\"ELINOR VOCAL ENSEMBLE CONCERT\",\"datePublished\":\"2023-07-18T07:42:29+00:00\",\"dateModified\":\"2023-07-05T09:35:19+00:00\",\"mainEntityOfPage\":{\"@id\":\"https:\/\/castlepodsreda.com\/en\/koncert-vokalnega-ansambla-elinor\/\"},\"wordCount\":204,\"commentCount\":0,\"publisher\":{\"@id\":\"https:\/\/castlepodsreda.com\/en\/#organization\"},\"articleSection\":[\"EVENTS\",\"NEWS\",\"NEWS\"],\"inLanguage\":\"en-US\",\"potentialAction\":[{\"@type\":\"CommentAction\",\"name\":\"Comment\",\"target\":[\"https:\/\/castlepodsreda.com\/en\/koncert-vokalnega-ansambla-elinor\/#respond\"]}]},{\"@type\":\"WebPage\",\"@id\":\"https:\/\/castlepodsreda.com\/en\/koncert-vokalnega-ansambla-elinor\/\",\"url\":\"https:\/\/castlepodsreda.com\/en\/koncert-vokalnega-ansambla-elinor\/\",\"name\":\"ELINOR VOCAL ENSEMBLE CONCERT | Grad Podsreda | Sobe in apartmaji | Grajska ponudba\",\"isPartOf\":{\"@id\":\"https:\/\/castlepodsreda.com\/en\/#website\"},\"datePublished\":\"2023-07-18T07:42:29+00:00\",\"dateModified\":\"2023-07-05T09:35:19+00:00\",\"description\":\"Join us for an enchanting evening of vocal music with the Elinor Vocal Ensemble, performing at Podsreda Castle on 20 July, 7pm.\",\"breadcrumb\":{\"@id\":\"https:\/\/castlepodsreda.com\/en\/koncert-vokalnega-ansambla-elinor\/#breadcrumb\"},\"inLanguage\":\"en-US\",\"potentialAction\":[{\"@type\":\"ReadAction\",\"target\":[\"https:\/\/castlepodsreda.com\/en\/koncert-vokalnega-ansambla-elinor\/\"]}]},{\"@type\":\"BreadcrumbList\",\"@id\":\"https:\/\/castlepodsreda.com\/en\/koncert-vokalnega-ansambla-elinor\/#breadcrumb\",\"itemListElement\":[{\"@type\":\"ListItem\",\"position\":1,\"name\":\"Home\",\"item\":\"https:\/\/castlepodsreda.com\/en\/\"},{\"@type\":\"ListItem\",\"position\":2,\"name\":\"ELINOR VOCAL ENSEMBLE CONCERT\"}]},{\"@type\":\"WebSite\",\"@id\":\"https:\/\/castlepodsreda.com\/en\/#website\",\"url\":\"https:\/\/castlepodsreda.com\/en\/\",\"name\":\"Grad Podsreda | Sobe in apartmaji | Grajska ponudba\",\"description\":\"Najbolj grajski med gradovi v Sloveniji\",\"publisher\":{\"@id\":\"https:\/\/castlepodsreda.com\/en\/#organization\"},\"potentialAction\":[{\"@type\":\"SearchAction\",\"target\":{\"@type\":\"EntryPoint\",\"urlTemplate\":\"https:\/\/castlepodsreda.com\/en\/?s={search_term_string}\"},\"query-input\":\"required name=search_term_string\"}],\"inLanguage\":\"en-US\"},{\"@type\":\"Organization\",\"@id\":\"https:\/\/castlepodsreda.com\/en\/#organization\",\"name\":\"Grad Podsreda | Sobe in apartmaji | Grajska ponudba\",\"url\":\"https:\/\/castlepodsreda.com\/en\/\",\"logo\":{\"@type\":\"ImageObject\",\"inLanguage\":\"en-US\",\"@id\":\"https:\/\/castlepodsreda.com\/en\/#\/schema\/logo\/image\/\",\"url\":\"https:\/\/castlepodsreda.com\/wp-content\/uploads\/2020\/04\/logo-grad-podsreda-2.jpg\",\"contentUrl\":\"https:\/\/castlepodsreda.com\/wp-content\/uploads\/2020\/04\/logo-grad-podsreda-2.jpg\",\"width\":576,\"height\":576,\"caption\":\"Grad Podsreda | Sobe in apartmaji | Grajska ponudba\"},\"image\":{\"@id\":\"https:\/\/castlepodsreda.com\/en\/#\/schema\/logo\/image\/\"},\"sameAs\":[\"https:\/\/www.instagram.com\/podsredacastle\/\",\"https:\/\/www.facebook.com\/podsredacastle\"]},{\"@type\":\"Person\",\"@id\":\"https:\/\/castlepodsreda.com\/en\/#\/schema\/person\/198d485f44bf3a58695a9e70049ea060\",\"name\":\"Administrator\",\"image\":{\"@type\":\"ImageObject\",\"inLanguage\":\"en-US\",\"@id\":\"https:\/\/castlepodsreda.com\/en\/#\/schema\/person\/image\/\",\"url\":\"https:\/\/secure.gravatar.com\/avatar\/1d9d2804165559256920cd8e4ed784aa?s=96&d=mm&r=g\",\"contentUrl\":\"https:\/\/secure.gravatar.com\/avatar\/1d9d2804165559256920cd8e4ed784aa?s=96&d=mm&r=g\",\"caption\":\"Administrator\"},\"sameAs\":[\"https:\/\/www.castlepodsreda.com\"]}]}<\/script>\n<!-- \/ Yoast SEO plugin. -->","yoast_head_json":{"title":"ELINOR VOCAL ENSEMBLE CONCERT | Grad Podsreda | Sobe in apartmaji | Grajska ponudba","description":"Join us for an enchanting evening of vocal music with the Elinor Vocal Ensemble, performing at Podsreda Castle on 20 July, 7pm.","robots":{"index":"index","follow":"follow","max-snippet":"max-snippet:-1","max-image-preview":"max-image-preview:large","max-video-preview":"max-video-preview:-1"},"canonical":"https:\/\/castlepodsreda.com\/en\/koncert-vokalnega-ansambla-elinor\/","og_locale":"en_US","og_type":"article","og_title":"ELINOR VOCAL ENSEMBLE CONCERT | Grad Podsreda | Sobe in apartmaji | Grajska ponudba","og_description":"Join us for an enchanting evening of vocal music with the Elinor Vocal Ensemble, performing at Podsreda Castle on 20 July, 7pm.","og_url":"https:\/\/castlepodsreda.com\/en\/koncert-vokalnega-ansambla-elinor\/","og_site_name":"Grad Podsreda | Sobe in apartmaji | Grajska ponudba","article_publisher":"https:\/\/www.facebook.com\/podsredacastle","article_published_time":"2023-07-18T07:42:29+00:00","article_modified_time":"2023-07-05T09:35:19+00:00","og_image":[{"width":465,"height":420,"url":"https:\/\/castlepodsreda.com\/wp-content\/uploads\/2023\/07\/VOKALNI-ANSAMBEL-ELINOR_koncert_2023_Dogodki-na-gradu_Concert_Podsreda-castle_cover.jpg","type":"image\/jpeg"}],"author":"Administrator","twitter_card":"summary_large_image","twitter_misc":{"Written by":"Administrator","Est. reading time":"1 minute"},"schema":{"@context":"https:\/\/schema.org","@graph":[{"@type":"Article","@id":"https:\/\/castlepodsreda.com\/en\/koncert-vokalnega-ansambla-elinor\/#article","isPartOf":{"@id":"https:\/\/castlepodsreda.com\/en\/koncert-vokalnega-ansambla-elinor\/"},"author":{"name":"Administrator","@id":"https:\/\/castlepodsreda.com\/en\/#\/schema\/person\/198d485f44bf3a58695a9e70049ea060"},"headline":"ELINOR VOCAL ENSEMBLE CONCERT","datePublished":"2023-07-18T07:42:29+00:00","dateModified":"2023-07-05T09:35:19+00:00","mainEntityOfPage":{"@id":"https:\/\/castlepodsreda.com\/en\/koncert-vokalnega-ansambla-elinor\/"},"wordCount":204,"commentCount":0,"publisher":{"@id":"https:\/\/castlepodsreda.com\/en\/#organization"},"articleSection":["EVENTS","NEWS","NEWS"],"inLanguage":"en-US","potentialAction":[{"@type":"CommentAction","name":"Comment","target":["https:\/\/castlepodsreda.com\/en\/koncert-vokalnega-ansambla-elinor\/#respond"]}]},{"@type":"WebPage","@id":"https:\/\/castlepodsreda.com\/en\/koncert-vokalnega-ansambla-elinor\/","url":"https:\/\/castlepodsreda.com\/en\/koncert-vokalnega-ansambla-elinor\/","name":"ELINOR VOCAL ENSEMBLE CONCERT | Grad Podsreda | Sobe in apartmaji | Grajska ponudba","isPartOf":{"@id":"https:\/\/castlepodsreda.com\/en\/#website"},"datePublished":"2023-07-18T07:42:29+00:00","dateModified":"2023-07-05T09:35:19+00:00","description":"Join us for an enchanting evening of vocal music with the Elinor Vocal Ensemble, performing at Podsreda Castle on 20 July, 7pm.","breadcrumb":{"@id":"https:\/\/castlepodsreda.com\/en\/koncert-vokalnega-ansambla-elinor\/#breadcrumb"},"inLanguage":"en-US","potentialAction":[{"@type":"ReadAction","target":["https:\/\/castlepodsreda.com\/en\/koncert-vokalnega-ansambla-elinor\/"]}]},{"@type":"BreadcrumbList","@id":"https:\/\/castlepodsreda.com\/en\/koncert-vokalnega-ansambla-elinor\/#breadcrumb","itemListElement":[{"@type":"ListItem","position":1,"name":"Home","item":"https:\/\/castlepodsreda.com\/en\/"},{"@type":"ListItem","position":2,"name":"ELINOR VOCAL ENSEMBLE CONCERT"}]},{"@type":"WebSite","@id":"https:\/\/castlepodsreda.com\/en\/#website","url":"https:\/\/castlepodsreda.com\/en\/","name":"Grad Podsreda | Sobe in apartmaji | Grajska ponudba","description":"Najbolj grajski med gradovi v Sloveniji","publisher":{"@id":"https:\/\/castlepodsreda.com\/en\/#organization"},"potentialAction":[{"@type":"SearchAction","target":{"@type":"EntryPoint","urlTemplate":"https:\/\/castlepodsreda.com\/en\/?s={search_term_string}"},"query-input":"required name=search_term_string"}],"inLanguage":"en-US"},{"@type":"Organization","@id":"https:\/\/castlepodsreda.com\/en\/#organization","name":"Grad Podsreda | Sobe in apartmaji | Grajska ponudba","url":"https:\/\/castlepodsreda.com\/en\/","logo":{"@type":"ImageObject","inLanguage":"en-US","@id":"https:\/\/castlepodsreda.com\/en\/#\/schema\/logo\/image\/","url":"https:\/\/castlepodsreda.com\/wp-content\/uploads\/2020\/04\/logo-grad-podsreda-2.jpg","contentUrl":"https:\/\/castlepodsreda.com\/wp-content\/uploads\/2020\/04\/logo-grad-podsreda-2.jpg","width":576,"height":576,"caption":"Grad Podsreda | Sobe in apartmaji | Grajska ponudba"},"image":{"@id":"https:\/\/castlepodsreda.com\/en\/#\/schema\/logo\/image\/"},"sameAs":["https:\/\/www.instagram.com\/podsredacastle\/","https:\/\/www.facebook.com\/podsredacastle"]},{"@type":"Person","@id":"https:\/\/castlepodsreda.com\/en\/#\/schema\/person\/198d485f44bf3a58695a9e70049ea060","name":"Administrator","image":{"@type":"ImageObject","inLanguage":"en-US","@id":"https:\/\/castlepodsreda.com\/en\/#\/schema\/person\/image\/","url":"https:\/\/secure.gravatar.com\/avatar\/1d9d2804165559256920cd8e4ed784aa?s=96&d=mm&r=g","contentUrl":"https:\/\/secure.gravatar.com\/avatar\/1d9d2804165559256920cd8e4ed784aa?s=96&d=mm&r=g","caption":"Administrator"},"sameAs":["https:\/\/www.castlepodsreda.com"]}]}},"_links":{"self":[{"href":"https:\/\/castlepodsreda.com\/en\/wp-json\/wp\/v2\/posts\/24388"}],"collection":[{"href":"https:\/\/castlepodsreda.com\/en\/wp-json\/wp\/v2\/posts"}],"about":[{"href":"https:\/\/castlepodsreda.com\/en\/wp-json\/wp\/v2\/types\/post"}],"author":[{"embeddable":true,"href":"https:\/\/castlepodsreda.com\/en\/wp-json\/wp\/v2\/users\/2"}],"replies":[{"embeddable":true,"href":"https:\/\/castlepodsreda.com\/en\/wp-json\/wp\/v2\/comments?post=24388"}],"version-history":[{"count":6,"href":"https:\/\/castlepodsreda.com\/en\/wp-json\/wp\/v2\/posts\/24388\/revisions"}],"predecessor-version":[{"id":24398,"href":"https:\/\/castlepodsreda.com\/en\/wp-json\/wp\/v2\/posts\/24388\/revisions\/24398"}],"wp:featuredmedia":[{"embeddable":true,"href":"https:\/\/castlepodsreda.com\/en\/wp-json\/wp\/v2\/media\/24396"}],"wp:attachment":[{"href":"https:\/\/castlepodsreda.com\/en\/wp-json\/wp\/v2\/media?parent=24388"}],"wp:term":[{"taxonomy":"category","embeddable":true,"href":"https:\/\/castlepodsreda.com\/en\/wp-json\/wp\/v2\/categories?post=24388"},{"taxonomy":"post_tag","embeddable":true,"href":"https:\/\/castlepodsreda.com\/en\/wp-json\/wp\/v2\/tags?post=24388"}],"curies":[{"name":"wp","href":"https:\/\/api.w.org\/{rel}","templated":true}]}}