{"id":24917,"date":"2023-08-01T13:26:57","date_gmt":"2023-08-01T13:26:57","guid":{"rendered":"https:\/\/castlepodsreda.com\/?p=24917"},"modified":"2023-08-01T13:51:20","modified_gmt":"2023-08-01T13:51:20","slug":"24917","status":"publish","type":"post","link":"https:\/\/castlepodsreda.com\/en\/24917\/","title":{"rendered":"CONCERT OF PARTICIPANTS OF THE CELLO SEMINAR"},"content":{"rendered":"<p>[vc_row][vc_column][cms_heading description=&#8221;On Saturday, August 5th, 2023, at 5:00 PM, as part of the Music Summer at Podsreda Castle, we invite you to the FINAL CONCERT OF THE CELLO SEMINAR PARTICIPANTS, mentored by Professor Karmen Pe\u010dar.&#8221; description_font_size=&#8221;18&#8243; des_font_weight=&#8221;700&#8243; cms_template=&#8221;cms_heading&#8211;layout2.php&#8221;][cms_space space_lg=&#8221;40&#8243; space_md=&#8221;30&#8243; space_sm=&#8221;20&#8243;][vc_column_text]This will be a musical evening, filled with exceptional performances and enchanting melodies. Together, we will enjoy the skill and passion of young musicians who have made the most of their time at the seminar to refine their talents.<\/p>\n<p>Admission to the concert is free, so we invite you to bring your friends and family along and join us for a delightful musical experience.<\/p>\n<p>We look forward to your company and spending an enchanting musical evening at Podsreda Castle!<\/p>\n<p>Warm regards.[\/vc_column_text][\/vc_column][\/vc_row]<\/p>\n","protected":false},"excerpt":{"rendered":"<p>On Saturday, August 5th, 2023, at 5:00 PM, as part of the Music Summer at Podsreda Castle, we invite you to the FINAL CONCERT OF THE CELLO SEMINAR PARTICIPANTS, mentored by Professor Karmen Pe\u010dar.<\/p>\n","protected":false},"author":2,"featured_media":24938,"comment_status":"open","ping_status":"open","sticky":false,"template":"","format":"standard","meta":[],"categories":[151,149,150],"tags":[],"yoast_head":"<!-- This site is optimized with the Yoast SEO plugin v19.14 - https:\/\/yoast.com\/wordpress\/plugins\/seo\/ -->\n<title>CONCERT OF PARTICIPANTS OF THE CELLO SEMINAR | Grad Podsreda | Sobe in apartmaji | Grajska ponudba<\/title>\n<meta name=\"description\" content=\"V soboto, 5. avgusta 2023, ob 17. uri vas v okviru Glasbenega poletja na gradu Podsreda vabimo na ZAKLJU\u010cNI KONCERT UDELE\u017dENCEV SEMINARJA ZA VIOLON\u010cELO, ki poteka pod mentorstvom profesorice Karmen Pe\u010dar.\" \/>\n<meta name=\"robots\" content=\"index, follow, max-snippet:-1, max-image-preview:large, max-video-preview:-1\" \/>\n<link rel=\"canonical\" href=\"https:\/\/castlepodsreda.com\/en\/24917\/\" \/>\n<meta property=\"og:locale\" content=\"en_US\" \/>\n<meta property=\"og:type\" content=\"article\" \/>\n<meta property=\"og:title\" content=\"CONCERT OF PARTICIPANTS OF THE CELLO SEMINAR | Grad Podsreda | Sobe in apartmaji | Grajska ponudba\" \/>\n<meta property=\"og:description\" content=\"V soboto, 5. avgusta 2023, ob 17. uri vas v okviru Glasbenega poletja na gradu Podsreda vabimo na ZAKLJU\u010cNI KONCERT UDELE\u017dENCEV SEMINARJA ZA VIOLON\u010cELO, ki poteka pod mentorstvom profesorice Karmen Pe\u010dar.\" \/>\n<meta property=\"og:url\" content=\"https:\/\/castlepodsreda.com\/en\/24917\/\" \/>\n<meta property=\"og:site_name\" content=\"Grad Podsreda | Sobe in apartmaji | Grajska ponudba\" \/>\n<meta property=\"article:publisher\" content=\"https:\/\/www.facebook.com\/podsredacastle\" \/>\n<meta property=\"article:published_time\" content=\"2023-08-01T13:26:57+00:00\" \/>\n<meta property=\"article:modified_time\" content=\"2023-08-01T13:51:20+00:00\" \/>\n<meta property=\"og:image\" content=\"https:\/\/castlepodsreda.com\/wp-content\/uploads\/2023\/08\/Seminar-za-violoncelo-2023_zakljucni-koncert_chello-seminar-2.jpg\" \/>\n\t<meta property=\"og:image:width\" content=\"465\" \/>\n\t<meta property=\"og:image:height\" content=\"420\" \/>\n\t<meta property=\"og:image:type\" content=\"image\/jpeg\" \/>\n<meta name=\"author\" content=\"Administrator\" \/>\n<meta name=\"twitter:card\" content=\"summary_large_image\" \/>\n<meta name=\"twitter:label1\" content=\"Written by\" \/>\n\t<meta name=\"twitter:data1\" content=\"Administrator\" \/>\n\t<meta name=\"twitter:label2\" content=\"Est. reading time\" \/>\n\t<meta name=\"twitter:data2\" content=\"1 minute\" \/>\n<script type=\"application\/ld+json\" class=\"yoast-schema-graph\">{\"@context\":\"https:\/\/schema.org\",\"@graph\":[{\"@type\":\"Article\",\"@id\":\"https:\/\/castlepodsreda.com\/en\/24917\/#article\",\"isPartOf\":{\"@id\":\"https:\/\/castlepodsreda.com\/en\/24917\/\"},\"author\":{\"name\":\"Administrator\",\"@id\":\"https:\/\/castlepodsreda.com\/en\/#\/schema\/person\/198d485f44bf3a58695a9e70049ea060\"},\"headline\":\"CONCERT OF PARTICIPANTS OF THE CELLO SEMINAR\",\"datePublished\":\"2023-08-01T13:26:57+00:00\",\"dateModified\":\"2023-08-01T13:51:20+00:00\",\"mainEntityOfPage\":{\"@id\":\"https:\/\/castlepodsreda.com\/en\/24917\/\"},\"wordCount\":157,\"commentCount\":0,\"publisher\":{\"@id\":\"https:\/\/castlepodsreda.com\/en\/#organization\"},\"articleSection\":[\"EVENTS\",\"NEWS\",\"NEWS\"],\"inLanguage\":\"en-US\",\"potentialAction\":[{\"@type\":\"CommentAction\",\"name\":\"Comment\",\"target\":[\"https:\/\/castlepodsreda.com\/en\/24917\/#respond\"]}]},{\"@type\":\"WebPage\",\"@id\":\"https:\/\/castlepodsreda.com\/en\/24917\/\",\"url\":\"https:\/\/castlepodsreda.com\/en\/24917\/\",\"name\":\"CONCERT OF PARTICIPANTS OF THE CELLO SEMINAR | Grad Podsreda | Sobe in apartmaji | Grajska ponudba\",\"isPartOf\":{\"@id\":\"https:\/\/castlepodsreda.com\/en\/#website\"},\"datePublished\":\"2023-08-01T13:26:57+00:00\",\"dateModified\":\"2023-08-01T13:51:20+00:00\",\"description\":\"V soboto, 5. avgusta 2023, ob 17. uri vas v okviru Glasbenega poletja na gradu Podsreda vabimo na ZAKLJU\u010cNI KONCERT UDELE\u017dENCEV SEMINARJA ZA VIOLON\u010cELO, ki poteka pod mentorstvom profesorice Karmen Pe\u010dar.\",\"breadcrumb\":{\"@id\":\"https:\/\/castlepodsreda.com\/en\/24917\/#breadcrumb\"},\"inLanguage\":\"en-US\",\"potentialAction\":[{\"@type\":\"ReadAction\",\"target\":[\"https:\/\/castlepodsreda.com\/en\/24917\/\"]}]},{\"@type\":\"BreadcrumbList\",\"@id\":\"https:\/\/castlepodsreda.com\/en\/24917\/#breadcrumb\",\"itemListElement\":[{\"@type\":\"ListItem\",\"position\":1,\"name\":\"Home\",\"item\":\"https:\/\/castlepodsreda.com\/en\/\"},{\"@type\":\"ListItem\",\"position\":2,\"name\":\"CONCERT OF PARTICIPANTS OF THE CELLO SEMINAR\"}]},{\"@type\":\"WebSite\",\"@id\":\"https:\/\/castlepodsreda.com\/en\/#website\",\"url\":\"https:\/\/castlepodsreda.com\/en\/\",\"name\":\"Grad Podsreda | Sobe in apartmaji | Grajska ponudba\",\"description\":\"Najbolj grajski med gradovi v Sloveniji\",\"publisher\":{\"@id\":\"https:\/\/castlepodsreda.com\/en\/#organization\"},\"potentialAction\":[{\"@type\":\"SearchAction\",\"target\":{\"@type\":\"EntryPoint\",\"urlTemplate\":\"https:\/\/castlepodsreda.com\/en\/?s={search_term_string}\"},\"query-input\":\"required name=search_term_string\"}],\"inLanguage\":\"en-US\"},{\"@type\":\"Organization\",\"@id\":\"https:\/\/castlepodsreda.com\/en\/#organization\",\"name\":\"Grad Podsreda | Sobe in apartmaji | Grajska ponudba\",\"url\":\"https:\/\/castlepodsreda.com\/en\/\",\"logo\":{\"@type\":\"ImageObject\",\"inLanguage\":\"en-US\",\"@id\":\"https:\/\/castlepodsreda.com\/en\/#\/schema\/logo\/image\/\",\"url\":\"https:\/\/castlepodsreda.com\/wp-content\/uploads\/2020\/04\/logo-grad-podsreda-2.jpg\",\"contentUrl\":\"https:\/\/castlepodsreda.com\/wp-content\/uploads\/2020\/04\/logo-grad-podsreda-2.jpg\",\"width\":576,\"height\":576,\"caption\":\"Grad Podsreda | Sobe in apartmaji | Grajska ponudba\"},\"image\":{\"@id\":\"https:\/\/castlepodsreda.com\/en\/#\/schema\/logo\/image\/\"},\"sameAs\":[\"https:\/\/www.instagram.com\/podsredacastle\/\",\"https:\/\/www.facebook.com\/podsredacastle\"]},{\"@type\":\"Person\",\"@id\":\"https:\/\/castlepodsreda.com\/en\/#\/schema\/person\/198d485f44bf3a58695a9e70049ea060\",\"name\":\"Administrator\",\"image\":{\"@type\":\"ImageObject\",\"inLanguage\":\"en-US\",\"@id\":\"https:\/\/castlepodsreda.com\/en\/#\/schema\/person\/image\/\",\"url\":\"https:\/\/secure.gravatar.com\/avatar\/1d9d2804165559256920cd8e4ed784aa?s=96&d=mm&r=g\",\"contentUrl\":\"https:\/\/secure.gravatar.com\/avatar\/1d9d2804165559256920cd8e4ed784aa?s=96&d=mm&r=g\",\"caption\":\"Administrator\"},\"sameAs\":[\"https:\/\/www.castlepodsreda.com\"]}]}<\/script>\n<!-- \/ Yoast SEO plugin. -->","yoast_head_json":{"title":"CONCERT OF PARTICIPANTS OF THE CELLO SEMINAR | Grad Podsreda | Sobe in apartmaji | Grajska ponudba","description":"V soboto, 5. avgusta 2023, ob 17. uri vas v okviru Glasbenega poletja na gradu Podsreda vabimo na ZAKLJU\u010cNI KONCERT UDELE\u017dENCEV SEMINARJA ZA VIOLON\u010cELO, ki poteka pod mentorstvom profesorice Karmen Pe\u010dar.","robots":{"index":"index","follow":"follow","max-snippet":"max-snippet:-1","max-image-preview":"max-image-preview:large","max-video-preview":"max-video-preview:-1"},"canonical":"https:\/\/castlepodsreda.com\/en\/24917\/","og_locale":"en_US","og_type":"article","og_title":"CONCERT OF PARTICIPANTS OF THE CELLO SEMINAR | Grad Podsreda | Sobe in apartmaji | Grajska ponudba","og_description":"V soboto, 5. avgusta 2023, ob 17. uri vas v okviru Glasbenega poletja na gradu Podsreda vabimo na ZAKLJU\u010cNI KONCERT UDELE\u017dENCEV SEMINARJA ZA VIOLON\u010cELO, ki poteka pod mentorstvom profesorice Karmen Pe\u010dar.","og_url":"https:\/\/castlepodsreda.com\/en\/24917\/","og_site_name":"Grad Podsreda | Sobe in apartmaji | Grajska ponudba","article_publisher":"https:\/\/www.facebook.com\/podsredacastle","article_published_time":"2023-08-01T13:26:57+00:00","article_modified_time":"2023-08-01T13:51:20+00:00","og_image":[{"width":465,"height":420,"url":"https:\/\/castlepodsreda.com\/wp-content\/uploads\/2023\/08\/Seminar-za-violoncelo-2023_zakljucni-koncert_chello-seminar-2.jpg","type":"image\/jpeg"}],"author":"Administrator","twitter_card":"summary_large_image","twitter_misc":{"Written by":"Administrator","Est. reading time":"1 minute"},"schema":{"@context":"https:\/\/schema.org","@graph":[{"@type":"Article","@id":"https:\/\/castlepodsreda.com\/en\/24917\/#article","isPartOf":{"@id":"https:\/\/castlepodsreda.com\/en\/24917\/"},"author":{"name":"Administrator","@id":"https:\/\/castlepodsreda.com\/en\/#\/schema\/person\/198d485f44bf3a58695a9e70049ea060"},"headline":"CONCERT OF PARTICIPANTS OF THE CELLO SEMINAR","datePublished":"2023-08-01T13:26:57+00:00","dateModified":"2023-08-01T13:51:20+00:00","mainEntityOfPage":{"@id":"https:\/\/castlepodsreda.com\/en\/24917\/"},"wordCount":157,"commentCount":0,"publisher":{"@id":"https:\/\/castlepodsreda.com\/en\/#organization"},"articleSection":["EVENTS","NEWS","NEWS"],"inLanguage":"en-US","potentialAction":[{"@type":"CommentAction","name":"Comment","target":["https:\/\/castlepodsreda.com\/en\/24917\/#respond"]}]},{"@type":"WebPage","@id":"https:\/\/castlepodsreda.com\/en\/24917\/","url":"https:\/\/castlepodsreda.com\/en\/24917\/","name":"CONCERT OF PARTICIPANTS OF THE CELLO SEMINAR | Grad Podsreda | Sobe in apartmaji | Grajska ponudba","isPartOf":{"@id":"https:\/\/castlepodsreda.com\/en\/#website"},"datePublished":"2023-08-01T13:26:57+00:00","dateModified":"2023-08-01T13:51:20+00:00","description":"V soboto, 5. avgusta 2023, ob 17. uri vas v okviru Glasbenega poletja na gradu Podsreda vabimo na ZAKLJU\u010cNI KONCERT UDELE\u017dENCEV SEMINARJA ZA VIOLON\u010cELO, ki poteka pod mentorstvom profesorice Karmen Pe\u010dar.","breadcrumb":{"@id":"https:\/\/castlepodsreda.com\/en\/24917\/#breadcrumb"},"inLanguage":"en-US","potentialAction":[{"@type":"ReadAction","target":["https:\/\/castlepodsreda.com\/en\/24917\/"]}]},{"@type":"BreadcrumbList","@id":"https:\/\/castlepodsreda.com\/en\/24917\/#breadcrumb","itemListElement":[{"@type":"ListItem","position":1,"name":"Home","item":"https:\/\/castlepodsreda.com\/en\/"},{"@type":"ListItem","position":2,"name":"CONCERT OF PARTICIPANTS OF THE CELLO SEMINAR"}]},{"@type":"WebSite","@id":"https:\/\/castlepodsreda.com\/en\/#website","url":"https:\/\/castlepodsreda.com\/en\/","name":"Grad Podsreda | Sobe in apartmaji | Grajska ponudba","description":"Najbolj grajski med gradovi v Sloveniji","publisher":{"@id":"https:\/\/castlepodsreda.com\/en\/#organization"},"potentialAction":[{"@type":"SearchAction","target":{"@type":"EntryPoint","urlTemplate":"https:\/\/castlepodsreda.com\/en\/?s={search_term_string}"},"query-input":"required name=search_term_string"}],"inLanguage":"en-US"},{"@type":"Organization","@id":"https:\/\/castlepodsreda.com\/en\/#organization","name":"Grad Podsreda | Sobe in apartmaji | Grajska ponudba","url":"https:\/\/castlepodsreda.com\/en\/","logo":{"@type":"ImageObject","inLanguage":"en-US","@id":"https:\/\/castlepodsreda.com\/en\/#\/schema\/logo\/image\/","url":"https:\/\/castlepodsreda.com\/wp-content\/uploads\/2020\/04\/logo-grad-podsreda-2.jpg","contentUrl":"https:\/\/castlepodsreda.com\/wp-content\/uploads\/2020\/04\/logo-grad-podsreda-2.jpg","width":576,"height":576,"caption":"Grad Podsreda | Sobe in apartmaji | Grajska ponudba"},"image":{"@id":"https:\/\/castlepodsreda.com\/en\/#\/schema\/logo\/image\/"},"sameAs":["https:\/\/www.instagram.com\/podsredacastle\/","https:\/\/www.facebook.com\/podsredacastle"]},{"@type":"Person","@id":"https:\/\/castlepodsreda.com\/en\/#\/schema\/person\/198d485f44bf3a58695a9e70049ea060","name":"Administrator","image":{"@type":"ImageObject","inLanguage":"en-US","@id":"https:\/\/castlepodsreda.com\/en\/#\/schema\/person\/image\/","url":"https:\/\/secure.gravatar.com\/avatar\/1d9d2804165559256920cd8e4ed784aa?s=96&d=mm&r=g","contentUrl":"https:\/\/secure.gravatar.com\/avatar\/1d9d2804165559256920cd8e4ed784aa?s=96&d=mm&r=g","caption":"Administrator"},"sameAs":["https:\/\/www.castlepodsreda.com"]}]}},"_links":{"self":[{"href":"https:\/\/castlepodsreda.com\/en\/wp-json\/wp\/v2\/posts\/24917"}],"collection":[{"href":"https:\/\/castlepodsreda.com\/en\/wp-json\/wp\/v2\/posts"}],"about":[{"href":"https:\/\/castlepodsreda.com\/en\/wp-json\/wp\/v2\/types\/post"}],"author":[{"embeddable":true,"href":"https:\/\/castlepodsreda.com\/en\/wp-json\/wp\/v2\/users\/2"}],"replies":[{"embeddable":true,"href":"https:\/\/castlepodsreda.com\/en\/wp-json\/wp\/v2\/comments?post=24917"}],"version-history":[{"count":6,"href":"https:\/\/castlepodsreda.com\/en\/wp-json\/wp\/v2\/posts\/24917\/revisions"}],"predecessor-version":[{"id":24933,"href":"https:\/\/castlepodsreda.com\/en\/wp-json\/wp\/v2\/posts\/24917\/revisions\/24933"}],"wp:featuredmedia":[{"embeddable":true,"href":"https:\/\/castlepodsreda.com\/en\/wp-json\/wp\/v2\/media\/24938"}],"wp:attachment":[{"href":"https:\/\/castlepodsreda.com\/en\/wp-json\/wp\/v2\/media?parent=24917"}],"wp:term":[{"taxonomy":"category","embeddable":true,"href":"https:\/\/castlepodsreda.com\/en\/wp-json\/wp\/v2\/categories?post=24917"},{"taxonomy":"post_tag","embeddable":true,"href":"https:\/\/castlepodsreda.com\/en\/wp-json\/wp\/v2\/tags?post=24917"}],"curies":[{"name":"wp","href":"https:\/\/api.w.org\/{rel}","templated":true}]}}