{"id":25218,"date":"2023-09-03T10:43:44","date_gmt":"2023-09-03T10:43:44","guid":{"rendered":"https:\/\/castlepodsreda.com\/?p=25218"},"modified":"2023-09-05T07:49:04","modified_gmt":"2023-09-05T07:49:04","slug":"grajski-ziv-zav-na-gradu-podsreda-2023-2","status":"publish","type":"post","link":"https:\/\/castlepodsreda.com\/en\/grajski-ziv-zav-na-gradu-podsreda-2023-2\/","title":{"rendered":"THE CASTLE \u017dIV \u017dAV EVENT AT THE PODSREDA CASTLE 2023"},"content":{"rendered":"<p>[vc_row][vc_column][vc_column_text]<strong>The GRAJSKI \u017dIV \u017dAV event has come to an end, and what a day it was!<\/strong><\/p>\n<p>Amidst the summer&#8217;s sizzle, our castle transformed into a haven of cool vibes, where local delights, laughter of children, and sensational music merged to create an unforgettable atmosphere!<\/p>\n<p>Despite the scorching heat, we pulled through with sheer hard work and positive energy from both our staff and the wonderful visitors. Ending the school holidays on such a high note was a true achievement. A heartfelt thank you to everyone who joined us \u2013 your incredible turnout exceeded our expectations!<\/p>\n<p>We extend our gratitude to our local producers for their delightful treats, carefully curated with our young audience in mind. A big thank you to all the fair participants for sharing their work and making the event vibrant.<\/p>\n<p>Special appreciation goes to the municipality of Kozje, Kozjansko Regional Park, and Visit Pod\u010detrtek for their invaluable financial support. And of course, the highlight of the event \u2013 a massive thank you to Slovene singer Nika Zorjan and her dedicated band who gave an exceptional performance, even in the sweltering temperatures.<\/p>\n<p>Stay tuned for more exciting events at Podsreda Castle![\/vc_column_text][vc_gallery type=&#8221;image_grid&#8221; images=&#8221;25140,25206,25164,25174,25202,25142,25150,25160,25180,25144,25204,25178,25184,25188,25190,25196,25200,25210,25208,25198,25182,25186,25176,25172,25170,25168,25166,25162,25146,25148,25152,25154,25156,25158,25212&#8243; img_size=&#8221;full&#8221;][\/vc_column][\/vc_row]<\/p>\n","protected":false},"excerpt":{"rendered":"<p>The GRAJSKI \u017dIV \u017dAV event has come to an end, and what a day it was! Amidst the summer&#8217;s sizzle, our castle transformed into a haven of cool vibes, where local delights, laughter of children, and sensational music merged to create an unforgettable atmosphere.<\/p>\n","protected":false},"author":2,"featured_media":25136,"comment_status":"open","ping_status":"open","sticky":false,"template":"","format":"standard","meta":[],"categories":[150,149],"tags":[],"yoast_head":"<!-- This site is optimized with the Yoast SEO plugin v19.14 - https:\/\/yoast.com\/wordpress\/plugins\/seo\/ -->\n<title>THE CASTLE \u017dIV \u017dAV EVENT AT THE PODSREDA CASTLE 2023 | Grad Podsreda | Sobe in apartmaji | Grajska ponudba<\/title>\n<meta name=\"description\" content=\"The GRAJSKI \u017dIV \u017dAV event has come to an end, and what a day it was! Amidst the summer&#039;s sizzle, our castle transformed into a haven of cool vibes, where local delights, laughter of children, and sensational music merged to create an unforgettable atmosphere.\" \/>\n<meta name=\"robots\" content=\"index, follow, max-snippet:-1, max-image-preview:large, max-video-preview:-1\" \/>\n<link rel=\"canonical\" href=\"https:\/\/castlepodsreda.com\/en\/grajski-ziv-zav-na-gradu-podsreda-2023-2\/\" \/>\n<meta property=\"og:locale\" content=\"en_US\" \/>\n<meta property=\"og:type\" content=\"article\" \/>\n<meta property=\"og:title\" content=\"THE CASTLE \u017dIV \u017dAV EVENT AT THE PODSREDA CASTLE 2023 | Grad Podsreda | Sobe in apartmaji | Grajska ponudba\" \/>\n<meta property=\"og:description\" content=\"The GRAJSKI \u017dIV \u017dAV event has come to an end, and what a day it was! Amidst the summer&#039;s sizzle, our castle transformed into a haven of cool vibes, where local delights, laughter of children, and sensational music merged to create an unforgettable atmosphere.\" \/>\n<meta property=\"og:url\" content=\"https:\/\/castlepodsreda.com\/en\/grajski-ziv-zav-na-gradu-podsreda-2023-2\/\" \/>\n<meta property=\"og:site_name\" content=\"Grad Podsreda | Sobe in apartmaji | Grajska ponudba\" \/>\n<meta property=\"article:publisher\" content=\"https:\/\/www.facebook.com\/podsredacastle\" \/>\n<meta property=\"article:published_time\" content=\"2023-09-03T10:43:44+00:00\" \/>\n<meta property=\"article:modified_time\" content=\"2023-09-05T07:49:04+00:00\" \/>\n<meta property=\"og:image\" content=\"https:\/\/castlepodsreda.com\/wp-content\/uploads\/2023\/09\/GRAJSKI-ZIV-ZAV-2023.jpg\" \/>\n\t<meta property=\"og:image:width\" content=\"465\" \/>\n\t<meta property=\"og:image:height\" content=\"420\" \/>\n\t<meta property=\"og:image:type\" content=\"image\/jpeg\" \/>\n<meta name=\"author\" content=\"Administrator\" \/>\n<meta name=\"twitter:card\" content=\"summary_large_image\" \/>\n<meta name=\"twitter:label1\" content=\"Written by\" \/>\n\t<meta name=\"twitter:data1\" content=\"Administrator\" \/>\n\t<meta name=\"twitter:label2\" content=\"Est. reading time\" \/>\n\t<meta name=\"twitter:data2\" content=\"2 minutes\" \/>\n<script type=\"application\/ld+json\" class=\"yoast-schema-graph\">{\"@context\":\"https:\/\/schema.org\",\"@graph\":[{\"@type\":\"Article\",\"@id\":\"https:\/\/castlepodsreda.com\/en\/grajski-ziv-zav-na-gradu-podsreda-2023-2\/#article\",\"isPartOf\":{\"@id\":\"https:\/\/castlepodsreda.com\/en\/grajski-ziv-zav-na-gradu-podsreda-2023-2\/\"},\"author\":{\"name\":\"Administrator\",\"@id\":\"https:\/\/castlepodsreda.com\/en\/#\/schema\/person\/198d485f44bf3a58695a9e70049ea060\"},\"headline\":\"THE CASTLE \u017dIV \u017dAV EVENT AT THE PODSREDA CASTLE 2023\",\"datePublished\":\"2023-09-03T10:43:44+00:00\",\"dateModified\":\"2023-09-05T07:49:04+00:00\",\"mainEntityOfPage\":{\"@id\":\"https:\/\/castlepodsreda.com\/en\/grajski-ziv-zav-na-gradu-podsreda-2023-2\/\"},\"wordCount\":224,\"commentCount\":0,\"publisher\":{\"@id\":\"https:\/\/castlepodsreda.com\/en\/#organization\"},\"articleSection\":[\"NEWS\",\"NEWS\"],\"inLanguage\":\"en-US\",\"potentialAction\":[{\"@type\":\"CommentAction\",\"name\":\"Comment\",\"target\":[\"https:\/\/castlepodsreda.com\/en\/grajski-ziv-zav-na-gradu-podsreda-2023-2\/#respond\"]}]},{\"@type\":\"WebPage\",\"@id\":\"https:\/\/castlepodsreda.com\/en\/grajski-ziv-zav-na-gradu-podsreda-2023-2\/\",\"url\":\"https:\/\/castlepodsreda.com\/en\/grajski-ziv-zav-na-gradu-podsreda-2023-2\/\",\"name\":\"THE CASTLE \u017dIV \u017dAV EVENT AT THE PODSREDA CASTLE 2023 | Grad Podsreda | Sobe in apartmaji | Grajska ponudba\",\"isPartOf\":{\"@id\":\"https:\/\/castlepodsreda.com\/en\/#website\"},\"datePublished\":\"2023-09-03T10:43:44+00:00\",\"dateModified\":\"2023-09-05T07:49:04+00:00\",\"description\":\"The GRAJSKI \u017dIV \u017dAV event has come to an end, and what a day it was! Amidst the summer's sizzle, our castle transformed into a haven of cool vibes, where local delights, laughter of children, and sensational music merged to create an unforgettable atmosphere.\",\"breadcrumb\":{\"@id\":\"https:\/\/castlepodsreda.com\/en\/grajski-ziv-zav-na-gradu-podsreda-2023-2\/#breadcrumb\"},\"inLanguage\":\"en-US\",\"potentialAction\":[{\"@type\":\"ReadAction\",\"target\":[\"https:\/\/castlepodsreda.com\/en\/grajski-ziv-zav-na-gradu-podsreda-2023-2\/\"]}]},{\"@type\":\"BreadcrumbList\",\"@id\":\"https:\/\/castlepodsreda.com\/en\/grajski-ziv-zav-na-gradu-podsreda-2023-2\/#breadcrumb\",\"itemListElement\":[{\"@type\":\"ListItem\",\"position\":1,\"name\":\"Home\",\"item\":\"https:\/\/castlepodsreda.com\/en\/\"},{\"@type\":\"ListItem\",\"position\":2,\"name\":\"THE CASTLE \u017dIV \u017dAV EVENT AT THE PODSREDA CASTLE 2023\"}]},{\"@type\":\"WebSite\",\"@id\":\"https:\/\/castlepodsreda.com\/en\/#website\",\"url\":\"https:\/\/castlepodsreda.com\/en\/\",\"name\":\"Grad Podsreda | Sobe in apartmaji | Grajska ponudba\",\"description\":\"Najbolj grajski med gradovi v Sloveniji\",\"publisher\":{\"@id\":\"https:\/\/castlepodsreda.com\/en\/#organization\"},\"potentialAction\":[{\"@type\":\"SearchAction\",\"target\":{\"@type\":\"EntryPoint\",\"urlTemplate\":\"https:\/\/castlepodsreda.com\/en\/?s={search_term_string}\"},\"query-input\":\"required name=search_term_string\"}],\"inLanguage\":\"en-US\"},{\"@type\":\"Organization\",\"@id\":\"https:\/\/castlepodsreda.com\/en\/#organization\",\"name\":\"Grad Podsreda | Sobe in apartmaji | Grajska ponudba\",\"url\":\"https:\/\/castlepodsreda.com\/en\/\",\"logo\":{\"@type\":\"ImageObject\",\"inLanguage\":\"en-US\",\"@id\":\"https:\/\/castlepodsreda.com\/en\/#\/schema\/logo\/image\/\",\"url\":\"https:\/\/castlepodsreda.com\/wp-content\/uploads\/2020\/04\/logo-grad-podsreda-2.jpg\",\"contentUrl\":\"https:\/\/castlepodsreda.com\/wp-content\/uploads\/2020\/04\/logo-grad-podsreda-2.jpg\",\"width\":576,\"height\":576,\"caption\":\"Grad Podsreda | Sobe in apartmaji | Grajska ponudba\"},\"image\":{\"@id\":\"https:\/\/castlepodsreda.com\/en\/#\/schema\/logo\/image\/\"},\"sameAs\":[\"https:\/\/www.instagram.com\/podsredacastle\/\",\"https:\/\/www.facebook.com\/podsredacastle\"]},{\"@type\":\"Person\",\"@id\":\"https:\/\/castlepodsreda.com\/en\/#\/schema\/person\/198d485f44bf3a58695a9e70049ea060\",\"name\":\"Administrator\",\"image\":{\"@type\":\"ImageObject\",\"inLanguage\":\"en-US\",\"@id\":\"https:\/\/castlepodsreda.com\/en\/#\/schema\/person\/image\/\",\"url\":\"https:\/\/secure.gravatar.com\/avatar\/1d9d2804165559256920cd8e4ed784aa?s=96&d=mm&r=g\",\"contentUrl\":\"https:\/\/secure.gravatar.com\/avatar\/1d9d2804165559256920cd8e4ed784aa?s=96&d=mm&r=g\",\"caption\":\"Administrator\"},\"sameAs\":[\"https:\/\/www.castlepodsreda.com\"]}]}<\/script>\n<!-- \/ Yoast SEO plugin. -->","yoast_head_json":{"title":"THE CASTLE \u017dIV \u017dAV EVENT AT THE PODSREDA CASTLE 2023 | Grad Podsreda | Sobe in apartmaji | Grajska ponudba","description":"The GRAJSKI \u017dIV \u017dAV event has come to an end, and what a day it was! Amidst the summer's sizzle, our castle transformed into a haven of cool vibes, where local delights, laughter of children, and sensational music merged to create an unforgettable atmosphere.","robots":{"index":"index","follow":"follow","max-snippet":"max-snippet:-1","max-image-preview":"max-image-preview:large","max-video-preview":"max-video-preview:-1"},"canonical":"https:\/\/castlepodsreda.com\/en\/grajski-ziv-zav-na-gradu-podsreda-2023-2\/","og_locale":"en_US","og_type":"article","og_title":"THE CASTLE \u017dIV \u017dAV EVENT AT THE PODSREDA CASTLE 2023 | Grad Podsreda | Sobe in apartmaji | Grajska ponudba","og_description":"The GRAJSKI \u017dIV \u017dAV event has come to an end, and what a day it was! Amidst the summer's sizzle, our castle transformed into a haven of cool vibes, where local delights, laughter of children, and sensational music merged to create an unforgettable atmosphere.","og_url":"https:\/\/castlepodsreda.com\/en\/grajski-ziv-zav-na-gradu-podsreda-2023-2\/","og_site_name":"Grad Podsreda | Sobe in apartmaji | Grajska ponudba","article_publisher":"https:\/\/www.facebook.com\/podsredacastle","article_published_time":"2023-09-03T10:43:44+00:00","article_modified_time":"2023-09-05T07:49:04+00:00","og_image":[{"width":465,"height":420,"url":"https:\/\/castlepodsreda.com\/wp-content\/uploads\/2023\/09\/GRAJSKI-ZIV-ZAV-2023.jpg","type":"image\/jpeg"}],"author":"Administrator","twitter_card":"summary_large_image","twitter_misc":{"Written by":"Administrator","Est. reading time":"2 minutes"},"schema":{"@context":"https:\/\/schema.org","@graph":[{"@type":"Article","@id":"https:\/\/castlepodsreda.com\/en\/grajski-ziv-zav-na-gradu-podsreda-2023-2\/#article","isPartOf":{"@id":"https:\/\/castlepodsreda.com\/en\/grajski-ziv-zav-na-gradu-podsreda-2023-2\/"},"author":{"name":"Administrator","@id":"https:\/\/castlepodsreda.com\/en\/#\/schema\/person\/198d485f44bf3a58695a9e70049ea060"},"headline":"THE CASTLE \u017dIV \u017dAV EVENT AT THE PODSREDA CASTLE 2023","datePublished":"2023-09-03T10:43:44+00:00","dateModified":"2023-09-05T07:49:04+00:00","mainEntityOfPage":{"@id":"https:\/\/castlepodsreda.com\/en\/grajski-ziv-zav-na-gradu-podsreda-2023-2\/"},"wordCount":224,"commentCount":0,"publisher":{"@id":"https:\/\/castlepodsreda.com\/en\/#organization"},"articleSection":["NEWS","NEWS"],"inLanguage":"en-US","potentialAction":[{"@type":"CommentAction","name":"Comment","target":["https:\/\/castlepodsreda.com\/en\/grajski-ziv-zav-na-gradu-podsreda-2023-2\/#respond"]}]},{"@type":"WebPage","@id":"https:\/\/castlepodsreda.com\/en\/grajski-ziv-zav-na-gradu-podsreda-2023-2\/","url":"https:\/\/castlepodsreda.com\/en\/grajski-ziv-zav-na-gradu-podsreda-2023-2\/","name":"THE CASTLE \u017dIV \u017dAV EVENT AT THE PODSREDA CASTLE 2023 | Grad Podsreda | Sobe in apartmaji | Grajska ponudba","isPartOf":{"@id":"https:\/\/castlepodsreda.com\/en\/#website"},"datePublished":"2023-09-03T10:43:44+00:00","dateModified":"2023-09-05T07:49:04+00:00","description":"The GRAJSKI \u017dIV \u017dAV event has come to an end, and what a day it was! Amidst the summer's sizzle, our castle transformed into a haven of cool vibes, where local delights, laughter of children, and sensational music merged to create an unforgettable atmosphere.","breadcrumb":{"@id":"https:\/\/castlepodsreda.com\/en\/grajski-ziv-zav-na-gradu-podsreda-2023-2\/#breadcrumb"},"inLanguage":"en-US","potentialAction":[{"@type":"ReadAction","target":["https:\/\/castlepodsreda.com\/en\/grajski-ziv-zav-na-gradu-podsreda-2023-2\/"]}]},{"@type":"BreadcrumbList","@id":"https:\/\/castlepodsreda.com\/en\/grajski-ziv-zav-na-gradu-podsreda-2023-2\/#breadcrumb","itemListElement":[{"@type":"ListItem","position":1,"name":"Home","item":"https:\/\/castlepodsreda.com\/en\/"},{"@type":"ListItem","position":2,"name":"THE CASTLE \u017dIV \u017dAV EVENT AT THE PODSREDA CASTLE 2023"}]},{"@type":"WebSite","@id":"https:\/\/castlepodsreda.com\/en\/#website","url":"https:\/\/castlepodsreda.com\/en\/","name":"Grad Podsreda | Sobe in apartmaji | Grajska ponudba","description":"Najbolj grajski med gradovi v Sloveniji","publisher":{"@id":"https:\/\/castlepodsreda.com\/en\/#organization"},"potentialAction":[{"@type":"SearchAction","target":{"@type":"EntryPoint","urlTemplate":"https:\/\/castlepodsreda.com\/en\/?s={search_term_string}"},"query-input":"required name=search_term_string"}],"inLanguage":"en-US"},{"@type":"Organization","@id":"https:\/\/castlepodsreda.com\/en\/#organization","name":"Grad Podsreda | Sobe in apartmaji | Grajska ponudba","url":"https:\/\/castlepodsreda.com\/en\/","logo":{"@type":"ImageObject","inLanguage":"en-US","@id":"https:\/\/castlepodsreda.com\/en\/#\/schema\/logo\/image\/","url":"https:\/\/castlepodsreda.com\/wp-content\/uploads\/2020\/04\/logo-grad-podsreda-2.jpg","contentUrl":"https:\/\/castlepodsreda.com\/wp-content\/uploads\/2020\/04\/logo-grad-podsreda-2.jpg","width":576,"height":576,"caption":"Grad Podsreda | Sobe in apartmaji | Grajska ponudba"},"image":{"@id":"https:\/\/castlepodsreda.com\/en\/#\/schema\/logo\/image\/"},"sameAs":["https:\/\/www.instagram.com\/podsredacastle\/","https:\/\/www.facebook.com\/podsredacastle"]},{"@type":"Person","@id":"https:\/\/castlepodsreda.com\/en\/#\/schema\/person\/198d485f44bf3a58695a9e70049ea060","name":"Administrator","image":{"@type":"ImageObject","inLanguage":"en-US","@id":"https:\/\/castlepodsreda.com\/en\/#\/schema\/person\/image\/","url":"https:\/\/secure.gravatar.com\/avatar\/1d9d2804165559256920cd8e4ed784aa?s=96&d=mm&r=g","contentUrl":"https:\/\/secure.gravatar.com\/avatar\/1d9d2804165559256920cd8e4ed784aa?s=96&d=mm&r=g","caption":"Administrator"},"sameAs":["https:\/\/www.castlepodsreda.com"]}]}},"_links":{"self":[{"href":"https:\/\/castlepodsreda.com\/en\/wp-json\/wp\/v2\/posts\/25218"}],"collection":[{"href":"https:\/\/castlepodsreda.com\/en\/wp-json\/wp\/v2\/posts"}],"about":[{"href":"https:\/\/castlepodsreda.com\/en\/wp-json\/wp\/v2\/types\/post"}],"author":[{"embeddable":true,"href":"https:\/\/castlepodsreda.com\/en\/wp-json\/wp\/v2\/users\/2"}],"replies":[{"embeddable":true,"href":"https:\/\/castlepodsreda.com\/en\/wp-json\/wp\/v2\/comments?post=25218"}],"version-history":[{"count":6,"href":"https:\/\/castlepodsreda.com\/en\/wp-json\/wp\/v2\/posts\/25218\/revisions"}],"predecessor-version":[{"id":25225,"href":"https:\/\/castlepodsreda.com\/en\/wp-json\/wp\/v2\/posts\/25218\/revisions\/25225"}],"wp:featuredmedia":[{"embeddable":true,"href":"https:\/\/castlepodsreda.com\/en\/wp-json\/wp\/v2\/media\/25136"}],"wp:attachment":[{"href":"https:\/\/castlepodsreda.com\/en\/wp-json\/wp\/v2\/media?parent=25218"}],"wp:term":[{"taxonomy":"category","embeddable":true,"href":"https:\/\/castlepodsreda.com\/en\/wp-json\/wp\/v2\/categories?post=25218"},{"taxonomy":"post_tag","embeddable":true,"href":"https:\/\/castlepodsreda.com\/en\/wp-json\/wp\/v2\/tags?post=25218"}],"curies":[{"name":"wp","href":"https:\/\/api.w.org\/{rel}","templated":true}]}}