{"id":25338,"date":"2023-09-20T06:54:25","date_gmt":"2023-09-20T06:54:25","guid":{"rendered":"https:\/\/castlepodsreda.com\/?p=25338"},"modified":"2023-09-20T07:31:01","modified_gmt":"2023-09-20T07:31:01","slug":"open-day-at-podsreda-castle","status":"publish","type":"post","link":"https:\/\/castlepodsreda.com\/en\/open-day-at-podsreda-castle\/","title":{"rendered":"OPEN DAY AT PODSREDA CASTLE"},"content":{"rendered":"<p>[vc_row][vc_column][cms_heading description=&#8221;You are invited to an OPEN DAY AT PODSREDA CASTLE on the occasion of World Tourism Day, 27 September 2023.&#8221; description_font_size=&#8221;18&#8243; des_font_weight=&#8221;500&#8243; cms_template=&#8221;cms_heading&#8211;layout2.php&#8221;][cms_space space_lg=&#8221;40&#8243; space_md=&#8221;30&#8243; space_sm=&#8221;20&#8243;][vc_column_text]<!-- \/wp:heading --><\/p>\n<p>World Tourism Day has been celebrated on 27 September since 1979. The Kozjansko Regional Park will join in the celebrations this year. To this end, we will open the gates of Podsreda Castle <strong>FREE OF CHARGE<\/strong> <strong>to all visitors<\/strong> on Wednesday, 27 September, between 10 am and 5 pm.<\/p>\n<p>We cordially invite you to a free visit to Podsreda Castle and explore our numerous permanent and temporary exhibitions, as well as intriguing castle spaces. Each visitor can visit the castle independently, and for a little more insight into the interesting stories and history of the castle, you will also receive an audio guide in 5 different languages &#8211; German, English, Italian, Russian or Slovene.<\/p>\n<p><strong>Admission is FREE FOR ALL &#8211; individuals and families. Our Castle Caf\u00e9 is also open to serve you delightful refreshments.<\/strong><\/p>\n<p>Find out more about the unique castle experiences and other offers <a href=\"https:\/\/castlepodsreda.com\/en\/experiences\/\">HERE<\/a>.<\/p>\n<p><strong>Come and Discover the Rich Heritage of Podsreda Castle.<\/strong><\/p>\n<p><strong>ALL ARE WELCOME!<\/strong><\/p>\n<p>[\/vc_column_text][\/vc_column][\/vc_row]<\/p>\n","protected":false},"excerpt":{"rendered":"<p>Odkrijte bogato dedi\u0161\u010dino gradu Podsreda na DAN ODPRTIH VRAT ob svetovnem dnevu turizma, 27. septembra 2023. BREZPLA\u010cEN VSTOP ZA VSE!<\/p>\n","protected":false},"author":2,"featured_media":25330,"comment_status":"open","ping_status":"open","sticky":false,"template":"","format":"standard","meta":[],"categories":[149],"tags":[],"yoast_head":"<!-- This site is optimized with the Yoast SEO plugin v19.14 - https:\/\/yoast.com\/wordpress\/plugins\/seo\/ -->\n<title>OPEN DAY AT PODSREDA CASTLE | Grad Podsreda | Sobe in apartmaji | Grajska ponudba<\/title>\n<meta name=\"robots\" content=\"index, follow, max-snippet:-1, max-image-preview:large, max-video-preview:-1\" \/>\n<link rel=\"canonical\" href=\"https:\/\/castlepodsreda.com\/en\/open-day-at-podsreda-castle\/\" \/>\n<meta property=\"og:locale\" content=\"en_US\" \/>\n<meta property=\"og:type\" content=\"article\" \/>\n<meta property=\"og:title\" content=\"OPEN DAY AT PODSREDA CASTLE | Grad Podsreda | Sobe in apartmaji | Grajska ponudba\" \/>\n<meta property=\"og:description\" content=\"Odkrijte bogato dedi\u0161\u010dino gradu Podsreda na DAN ODPRTIH VRAT ob svetovnem dnevu turizma, 27. septembra 2023. BREZPLA\u010cEN VSTOP ZA VSE!\" \/>\n<meta property=\"og:url\" content=\"https:\/\/castlepodsreda.com\/en\/open-day-at-podsreda-castle\/\" \/>\n<meta property=\"og:site_name\" content=\"Grad Podsreda | Sobe in apartmaji | Grajska ponudba\" \/>\n<meta property=\"article:publisher\" content=\"https:\/\/www.facebook.com\/podsredacastle\" \/>\n<meta property=\"article:published_time\" content=\"2023-09-20T06:54:25+00:00\" \/>\n<meta property=\"article:modified_time\" content=\"2023-09-20T07:31:01+00:00\" \/>\n<meta property=\"og:image\" content=\"https:\/\/castlepodsreda.com\/wp-content\/uploads\/2023\/09\/DAN-ODPRTIH-VRAT-GRADU-PODSREDA_2023.jpg\" \/>\n\t<meta property=\"og:image:width\" content=\"465\" \/>\n\t<meta property=\"og:image:height\" content=\"420\" \/>\n\t<meta property=\"og:image:type\" content=\"image\/jpeg\" \/>\n<meta name=\"author\" content=\"Administrator\" \/>\n<meta name=\"twitter:card\" content=\"summary_large_image\" \/>\n<meta name=\"twitter:label1\" content=\"Written by\" \/>\n\t<meta name=\"twitter:data1\" content=\"Administrator\" \/>\n\t<meta name=\"twitter:label2\" content=\"Est. reading time\" \/>\n\t<meta name=\"twitter:data2\" content=\"2 minutes\" \/>\n<script type=\"application\/ld+json\" class=\"yoast-schema-graph\">{\"@context\":\"https:\/\/schema.org\",\"@graph\":[{\"@type\":\"Article\",\"@id\":\"https:\/\/castlepodsreda.com\/en\/open-day-at-podsreda-castle\/#article\",\"isPartOf\":{\"@id\":\"https:\/\/castlepodsreda.com\/en\/open-day-at-podsreda-castle\/\"},\"author\":{\"name\":\"Administrator\",\"@id\":\"https:\/\/castlepodsreda.com\/en\/#\/schema\/person\/198d485f44bf3a58695a9e70049ea060\"},\"headline\":\"OPEN DAY AT PODSREDA CASTLE\",\"datePublished\":\"2023-09-20T06:54:25+00:00\",\"dateModified\":\"2023-09-20T07:31:01+00:00\",\"mainEntityOfPage\":{\"@id\":\"https:\/\/castlepodsreda.com\/en\/open-day-at-podsreda-castle\/\"},\"wordCount\":211,\"commentCount\":0,\"publisher\":{\"@id\":\"https:\/\/castlepodsreda.com\/en\/#organization\"},\"articleSection\":[\"NEWS\"],\"inLanguage\":\"en-US\",\"potentialAction\":[{\"@type\":\"CommentAction\",\"name\":\"Comment\",\"target\":[\"https:\/\/castlepodsreda.com\/en\/open-day-at-podsreda-castle\/#respond\"]}]},{\"@type\":\"WebPage\",\"@id\":\"https:\/\/castlepodsreda.com\/en\/open-day-at-podsreda-castle\/\",\"url\":\"https:\/\/castlepodsreda.com\/en\/open-day-at-podsreda-castle\/\",\"name\":\"OPEN DAY AT PODSREDA CASTLE | Grad Podsreda | Sobe in apartmaji | Grajska ponudba\",\"isPartOf\":{\"@id\":\"https:\/\/castlepodsreda.com\/en\/#website\"},\"datePublished\":\"2023-09-20T06:54:25+00:00\",\"dateModified\":\"2023-09-20T07:31:01+00:00\",\"breadcrumb\":{\"@id\":\"https:\/\/castlepodsreda.com\/en\/open-day-at-podsreda-castle\/#breadcrumb\"},\"inLanguage\":\"en-US\",\"potentialAction\":[{\"@type\":\"ReadAction\",\"target\":[\"https:\/\/castlepodsreda.com\/en\/open-day-at-podsreda-castle\/\"]}]},{\"@type\":\"BreadcrumbList\",\"@id\":\"https:\/\/castlepodsreda.com\/en\/open-day-at-podsreda-castle\/#breadcrumb\",\"itemListElement\":[{\"@type\":\"ListItem\",\"position\":1,\"name\":\"Home\",\"item\":\"https:\/\/castlepodsreda.com\/en\/\"},{\"@type\":\"ListItem\",\"position\":2,\"name\":\"OPEN DAY AT PODSREDA CASTLE\"}]},{\"@type\":\"WebSite\",\"@id\":\"https:\/\/castlepodsreda.com\/en\/#website\",\"url\":\"https:\/\/castlepodsreda.com\/en\/\",\"name\":\"Grad Podsreda | Sobe in apartmaji | Grajska ponudba\",\"description\":\"Najbolj grajski med gradovi v Sloveniji\",\"publisher\":{\"@id\":\"https:\/\/castlepodsreda.com\/en\/#organization\"},\"potentialAction\":[{\"@type\":\"SearchAction\",\"target\":{\"@type\":\"EntryPoint\",\"urlTemplate\":\"https:\/\/castlepodsreda.com\/en\/?s={search_term_string}\"},\"query-input\":\"required name=search_term_string\"}],\"inLanguage\":\"en-US\"},{\"@type\":\"Organization\",\"@id\":\"https:\/\/castlepodsreda.com\/en\/#organization\",\"name\":\"Grad Podsreda | Sobe in apartmaji | Grajska ponudba\",\"url\":\"https:\/\/castlepodsreda.com\/en\/\",\"logo\":{\"@type\":\"ImageObject\",\"inLanguage\":\"en-US\",\"@id\":\"https:\/\/castlepodsreda.com\/en\/#\/schema\/logo\/image\/\",\"url\":\"https:\/\/castlepodsreda.com\/wp-content\/uploads\/2020\/04\/logo-grad-podsreda-2.jpg\",\"contentUrl\":\"https:\/\/castlepodsreda.com\/wp-content\/uploads\/2020\/04\/logo-grad-podsreda-2.jpg\",\"width\":576,\"height\":576,\"caption\":\"Grad Podsreda | Sobe in apartmaji | Grajska ponudba\"},\"image\":{\"@id\":\"https:\/\/castlepodsreda.com\/en\/#\/schema\/logo\/image\/\"},\"sameAs\":[\"https:\/\/www.instagram.com\/podsredacastle\/\",\"https:\/\/www.facebook.com\/podsredacastle\"]},{\"@type\":\"Person\",\"@id\":\"https:\/\/castlepodsreda.com\/en\/#\/schema\/person\/198d485f44bf3a58695a9e70049ea060\",\"name\":\"Administrator\",\"image\":{\"@type\":\"ImageObject\",\"inLanguage\":\"en-US\",\"@id\":\"https:\/\/castlepodsreda.com\/en\/#\/schema\/person\/image\/\",\"url\":\"https:\/\/secure.gravatar.com\/avatar\/1d9d2804165559256920cd8e4ed784aa?s=96&d=mm&r=g\",\"contentUrl\":\"https:\/\/secure.gravatar.com\/avatar\/1d9d2804165559256920cd8e4ed784aa?s=96&d=mm&r=g\",\"caption\":\"Administrator\"},\"sameAs\":[\"https:\/\/www.castlepodsreda.com\"]}]}<\/script>\n<!-- \/ Yoast SEO plugin. -->","yoast_head_json":{"title":"OPEN DAY AT PODSREDA CASTLE | Grad Podsreda | Sobe in apartmaji | Grajska ponudba","robots":{"index":"index","follow":"follow","max-snippet":"max-snippet:-1","max-image-preview":"max-image-preview:large","max-video-preview":"max-video-preview:-1"},"canonical":"https:\/\/castlepodsreda.com\/en\/open-day-at-podsreda-castle\/","og_locale":"en_US","og_type":"article","og_title":"OPEN DAY AT PODSREDA CASTLE | Grad Podsreda | Sobe in apartmaji | Grajska ponudba","og_description":"Odkrijte bogato dedi\u0161\u010dino gradu Podsreda na DAN ODPRTIH VRAT ob svetovnem dnevu turizma, 27. septembra 2023. BREZPLA\u010cEN VSTOP ZA VSE!","og_url":"https:\/\/castlepodsreda.com\/en\/open-day-at-podsreda-castle\/","og_site_name":"Grad Podsreda | Sobe in apartmaji | Grajska ponudba","article_publisher":"https:\/\/www.facebook.com\/podsredacastle","article_published_time":"2023-09-20T06:54:25+00:00","article_modified_time":"2023-09-20T07:31:01+00:00","og_image":[{"width":465,"height":420,"url":"https:\/\/castlepodsreda.com\/wp-content\/uploads\/2023\/09\/DAN-ODPRTIH-VRAT-GRADU-PODSREDA_2023.jpg","type":"image\/jpeg"}],"author":"Administrator","twitter_card":"summary_large_image","twitter_misc":{"Written by":"Administrator","Est. reading time":"2 minutes"},"schema":{"@context":"https:\/\/schema.org","@graph":[{"@type":"Article","@id":"https:\/\/castlepodsreda.com\/en\/open-day-at-podsreda-castle\/#article","isPartOf":{"@id":"https:\/\/castlepodsreda.com\/en\/open-day-at-podsreda-castle\/"},"author":{"name":"Administrator","@id":"https:\/\/castlepodsreda.com\/en\/#\/schema\/person\/198d485f44bf3a58695a9e70049ea060"},"headline":"OPEN DAY AT PODSREDA CASTLE","datePublished":"2023-09-20T06:54:25+00:00","dateModified":"2023-09-20T07:31:01+00:00","mainEntityOfPage":{"@id":"https:\/\/castlepodsreda.com\/en\/open-day-at-podsreda-castle\/"},"wordCount":211,"commentCount":0,"publisher":{"@id":"https:\/\/castlepodsreda.com\/en\/#organization"},"articleSection":["NEWS"],"inLanguage":"en-US","potentialAction":[{"@type":"CommentAction","name":"Comment","target":["https:\/\/castlepodsreda.com\/en\/open-day-at-podsreda-castle\/#respond"]}]},{"@type":"WebPage","@id":"https:\/\/castlepodsreda.com\/en\/open-day-at-podsreda-castle\/","url":"https:\/\/castlepodsreda.com\/en\/open-day-at-podsreda-castle\/","name":"OPEN DAY AT PODSREDA CASTLE | Grad Podsreda | Sobe in apartmaji | Grajska ponudba","isPartOf":{"@id":"https:\/\/castlepodsreda.com\/en\/#website"},"datePublished":"2023-09-20T06:54:25+00:00","dateModified":"2023-09-20T07:31:01+00:00","breadcrumb":{"@id":"https:\/\/castlepodsreda.com\/en\/open-day-at-podsreda-castle\/#breadcrumb"},"inLanguage":"en-US","potentialAction":[{"@type":"ReadAction","target":["https:\/\/castlepodsreda.com\/en\/open-day-at-podsreda-castle\/"]}]},{"@type":"BreadcrumbList","@id":"https:\/\/castlepodsreda.com\/en\/open-day-at-podsreda-castle\/#breadcrumb","itemListElement":[{"@type":"ListItem","position":1,"name":"Home","item":"https:\/\/castlepodsreda.com\/en\/"},{"@type":"ListItem","position":2,"name":"OPEN DAY AT PODSREDA CASTLE"}]},{"@type":"WebSite","@id":"https:\/\/castlepodsreda.com\/en\/#website","url":"https:\/\/castlepodsreda.com\/en\/","name":"Grad Podsreda | Sobe in apartmaji | Grajska ponudba","description":"Najbolj grajski med gradovi v Sloveniji","publisher":{"@id":"https:\/\/castlepodsreda.com\/en\/#organization"},"potentialAction":[{"@type":"SearchAction","target":{"@type":"EntryPoint","urlTemplate":"https:\/\/castlepodsreda.com\/en\/?s={search_term_string}"},"query-input":"required name=search_term_string"}],"inLanguage":"en-US"},{"@type":"Organization","@id":"https:\/\/castlepodsreda.com\/en\/#organization","name":"Grad Podsreda | Sobe in apartmaji | Grajska ponudba","url":"https:\/\/castlepodsreda.com\/en\/","logo":{"@type":"ImageObject","inLanguage":"en-US","@id":"https:\/\/castlepodsreda.com\/en\/#\/schema\/logo\/image\/","url":"https:\/\/castlepodsreda.com\/wp-content\/uploads\/2020\/04\/logo-grad-podsreda-2.jpg","contentUrl":"https:\/\/castlepodsreda.com\/wp-content\/uploads\/2020\/04\/logo-grad-podsreda-2.jpg","width":576,"height":576,"caption":"Grad Podsreda | Sobe in apartmaji | Grajska ponudba"},"image":{"@id":"https:\/\/castlepodsreda.com\/en\/#\/schema\/logo\/image\/"},"sameAs":["https:\/\/www.instagram.com\/podsredacastle\/","https:\/\/www.facebook.com\/podsredacastle"]},{"@type":"Person","@id":"https:\/\/castlepodsreda.com\/en\/#\/schema\/person\/198d485f44bf3a58695a9e70049ea060","name":"Administrator","image":{"@type":"ImageObject","inLanguage":"en-US","@id":"https:\/\/castlepodsreda.com\/en\/#\/schema\/person\/image\/","url":"https:\/\/secure.gravatar.com\/avatar\/1d9d2804165559256920cd8e4ed784aa?s=96&d=mm&r=g","contentUrl":"https:\/\/secure.gravatar.com\/avatar\/1d9d2804165559256920cd8e4ed784aa?s=96&d=mm&r=g","caption":"Administrator"},"sameAs":["https:\/\/www.castlepodsreda.com"]}]}},"_links":{"self":[{"href":"https:\/\/castlepodsreda.com\/en\/wp-json\/wp\/v2\/posts\/25338"}],"collection":[{"href":"https:\/\/castlepodsreda.com\/en\/wp-json\/wp\/v2\/posts"}],"about":[{"href":"https:\/\/castlepodsreda.com\/en\/wp-json\/wp\/v2\/types\/post"}],"author":[{"embeddable":true,"href":"https:\/\/castlepodsreda.com\/en\/wp-json\/wp\/v2\/users\/2"}],"replies":[{"embeddable":true,"href":"https:\/\/castlepodsreda.com\/en\/wp-json\/wp\/v2\/comments?post=25338"}],"version-history":[{"count":5,"href":"https:\/\/castlepodsreda.com\/en\/wp-json\/wp\/v2\/posts\/25338\/revisions"}],"predecessor-version":[{"id":25344,"href":"https:\/\/castlepodsreda.com\/en\/wp-json\/wp\/v2\/posts\/25338\/revisions\/25344"}],"wp:featuredmedia":[{"embeddable":true,"href":"https:\/\/castlepodsreda.com\/en\/wp-json\/wp\/v2\/media\/25330"}],"wp:attachment":[{"href":"https:\/\/castlepodsreda.com\/en\/wp-json\/wp\/v2\/media?parent=25338"}],"wp:term":[{"taxonomy":"category","embeddable":true,"href":"https:\/\/castlepodsreda.com\/en\/wp-json\/wp\/v2\/categories?post=25338"},{"taxonomy":"post_tag","embeddable":true,"href":"https:\/\/castlepodsreda.com\/en\/wp-json\/wp\/v2\/tags?post=25338"}],"curies":[{"name":"wp","href":"https:\/\/api.w.org\/{rel}","templated":true}]}}