{"id":34484,"date":"2023-11-28T07:00:08","date_gmt":"2023-11-28T07:00:08","guid":{"rendered":"https:\/\/castlepodsreda.com\/odpiralni-cas-za-jesensko-zimsko-sezono-2023\/"},"modified":"2023-11-28T10:19:04","modified_gmt":"2023-11-28T10:19:04","slug":"odpiralni-cas-za-jesensko-zimsko-sezono-2023","status":"publish","type":"post","link":"https:\/\/castlepodsreda.com\/hr\/odpiralni-cas-za-jesensko-zimsko-sezono-2023\/","title":{"rendered":"RADNO VRIJEME ZA SEZONU JESEN-ZIMA 2023"},"content":{"rendered":"<p>[vc_row][vc_column][cms_heading text_before=&#8221;Prigrlite o\u010daravaju\u0107i zimski ambijent u Dvorcu Podsreda&#8221; description=&#8221;Zadovoljstvo nam je sporo\u010diti da \u0107e na\u0161a dvorska vrata ostati otvorena i tijekom jesensko-zimske sezone!&#8221; description_font_size=&#8221;18&#8243; des_font_weight=&#8221;600&#8243; cms_template=&#8221;cms_heading&#8211;layout2.php&#8221;][cms_space space_lg=&#8221;40&#8243; space_md=&#8221;30&#8243; space_sm=&#8221;20&#8243;][vc_column_text css=&#8221;.vc_custom_1701093572816{padding-top: 18px !important;padding-right: 18px !important;padding-bottom: 18px !important;padding-left: 18px !important;background-color: #cedded !important;}&#8221;]<\/p>\n<p style=\"text-align: center;\">RADNO VRIJEME DVORCA<\/p>\n<h4 style=\"text-align: center;\"><strong>**RADNO VRIJEME ZA JESENSKO-ZIMSKU SEZONU 2023\/2024:**<\/strong><\/h4>\n<p style=\"text-align: center;\">U studenom i prosincu radit \u0107emo prema redovitom rasporedu: <strong>SVAKI DAN \u2013 OD UTORKA DO NEDJELJE \u2013 od 10 do 16 sati.<\/strong><\/p>\n<p style=\"text-align: center;\"><strong>Zatvoreni smo PONEDELJKOM.<\/strong><\/p>\n<p style=\"text-align: center;\">Vrata dvorca bit \u0107e <strong>ZATVORENA tako\u0111er 24., 25. i 26. prosinca te 30. i 31. prosinca, kao i 1. i 2. sije\u010dnja<\/strong>.<\/p>\n<p style=\"text-align: center;\">Tijekom radnog vremena dvorca, Trgovina lokalnih proizvoda, Posjetiteljski centar Parka Kozjanski i INFO TO\u010cKA na dvorcu otvoreni su za posjetitelje.<\/p>\n<p>[\/vc_column_text][vc_column_text css=&#8221;.vc_custom_1700821798624{padding-top: 18px !important;padding-right: 18px !important;padding-bottom: 18px !important;padding-left: 18px !important;background-color: #fff0dd !important;}&#8221;]<\/p>\n<p style=\"text-align: center;\"><strong>NOVO RADNO VRIJEME DVORSKE KAVANE<\/strong><\/p>\n<p style=\"text-align: center;\">Na\u0161a izvrsna dvorska kavana \u0107e od 7. studenog raditi <strong>ISKLJU\u010cIVO VIKENDOM, ako to dopu\u0161ta vrijeme, i to od 10. do 16. sati<\/strong>.<\/p>\n<p>[\/vc_column_text][vc_column_text]<\/p>\n<div class=\"flex-1 overflow-hidden\">\n<div class=\"react-scroll-to-bottom--css-crrea-79elbk h-full\">\n<div class=\"react-scroll-to-bottom--css-crrea-1n7m0yu\">\n<div class=\"flex flex-col text-sm gizmo:pb-9 dark:bg-gray-800 gizmo:dark:bg-transparent\">\n<div class=\"w-full text-token-text-primary border-b border-black\/10 gizmo:border-0 dark:border-gray-900\/50 gizmo:dark:border-0 bg-gray-50 gizmo:bg-transparent dark:bg-[#444654] gizmo:dark:bg-transparent\" data-testid=\"conversation-turn-480\">\n<div class=\"p-4 gizmo:py-2 justify-center text-base md:gap-6 md:py-6 m-auto\">\n<div class=\"flex flex-1 gap-4 text-base mx-auto md:gap-6 gizmo:gap-3 gizmo:md:px-5 gizmo:lg:px-1 gizmo:xl:px-5 md:max-w-2xl lg:max-w-[38rem] gizmo:md:max-w-3xl gizmo:lg:max-w-[40rem] gizmo:xl:max-w-[48rem] xl:max-w-3xl } group final-completion\">\n<div class=\"relative flex w-[calc(100%-50px)] flex-col gizmo:w-full lg:w-[calc(100%-115px)] agent-turn\">\n<div class=\"flex-col gap-1 md:gap-3\">\n<div class=\"flex flex-grow flex-col max-w-full gap-3 gizmo:gap-0\">\n<div class=\"min-h-[20px] text-message flex flex-col items-start gap-3 whitespace-pre-wrap break-words [.text-message+&amp;]:mt-5 overflow-x-auto\" data-message-author-role=\"assistant\" data-message-id=\"60a36525-3987-43a7-940a-1e4261cee7f3\">\n<div class=\"markdown prose w-full break-words dark:prose-invert dark\">\n<h4 style=\"text-align: center;\"><strong>SVAKODNEVNE AKTIVNOSTI NA DVORCU PODSREDA<\/strong><\/h4>\n<p style=\"text-align: center;\"><strong>\u0160etnja dvorskom stazom:<\/strong><\/p>\n<p style=\"text-align: center;\">Istra\u017eite slikovitu okolicu od Podsrede do dvorca putem \u0161umske staze. (Vi\u0161e o stazi [<a href=\"https:\/\/castlepodsreda.com\/hr\/dvorska-staza-podsreda\/\">ovdje<\/a>])<\/p>\n<p style=\"text-align: center;\"><strong>Dvorske izlo\u017ebe:<\/strong><\/p>\n<p style=\"text-align: center;\">Kroz dvorske izlo\u017ebe zaronite u svijet lokalne ba\u0161tine. Upoznajte bogatu povijest dvorca i njegove okoline. (Vi\u0161e informacija o stalnim izlo\u017ebama [<a href=\"https:\/\/castlepodsreda.com\/hr\/trajne-izlozbe-u-dvorcu-podsreda\/\">ovdje<\/a>])<\/p>\n<p style=\"text-align: center;\"><strong>Audiouvodeni obilasci:<\/strong><\/p>\n<p style=\"text-align: center;\">Otkrijte pri\u010de i legende dvorca Podsreda uz pomo\u0107 zanimljive audiouvodene ture. (Vi\u0161e o vo\u0111enim turama [<a href=\"https:\/\/castlepodsreda.com\/hr\/vodene-ture-dvorca-podsreda\/\">ovdje<\/a>])<\/p>\n<p style=\"text-align: center;\"><strong>Pustolovina &#8220;Lov na blago&#8221;:<\/strong><\/p>\n<p style=\"text-align: center;\">Sudjelujte u uzbudljivoj dvorskoj pustolovini igre &#8220;Lov na blago&#8221;, namijenjene obiteljima i djeci. (Vi\u0161e o igri [ovdje])<\/p>\n<p style=\"text-align: center;\"><strong>Izlo\u017ebe za djecu:<\/strong><\/p>\n<p style=\"text-align: center;\">U\u017eivajte u dje\u010djim izlo\u017ebama o svemiru, Zemlji, Kozjanskom parku i igra\u010dkama iz Muzeja nove povijesti Celje. Prilago\u0111ene su razli\u010ditim dobima i interesima. (Vi\u0161e informacija o privremenim izlo\u017ebama [<a href=\"https:\/\/castlepodsreda.com\/obcasne-razstave\/\">ovdje<\/a>])<\/p>\n<p style=\"text-align: center;\"><strong>Gastronomske delicije:<\/strong><\/p>\n<p style=\"text-align: center;\">Po narud\u017ebi u\u017eivajte u dvorskom obroku od lokalnih delicija s farme Kunej. (Vi\u0161e o dvorskom zalogaju [<a href=\"https:\/\/castlepodsreda.com\/hr\/dvorski-narezak\/\">ovdje<\/a>])<\/p>\n<p style=\"text-align: center;\"><strong>Posjetite dvorsku kavanu:<\/strong><\/p>\n<p style=\"text-align: center;\">VIKENDOMA se opustite u dvorskoj kavani uz osvje\u017eavaju\u0107e pi\u0107e ili slasticu. (Vi\u0161e informacija o kavani [<a href=\"https:\/\/castlepodsreda.com\/grajska-kavarna\/\">ovdje<\/a>])<\/p>\n<p style=\"text-align: center;\"><strong>Trgovina s lokalnim proizvodima:<\/strong><\/p>\n<p style=\"text-align: center;\">U lokalnoj trgovini na dvorcu Podsreda kupite jedinstvene suvenire i lokalne <a href=\"https:\/\/castlepodsreda.com\/hr\/dvorska-trgovina\/\">proizvode<\/a>.<\/p>\n<p style=\"text-align: center;\"><strong>Izleti:<\/strong><\/p>\n<p style=\"text-align: center;\">Iskoristite priliku za istra\u017eivanje bliskih prirodnih znamenitosti Kozjanskog regionalnog parka. (Vi\u0161e o podru\u010dju [<a href=\"https:\/\/castlepodsreda.com\/kaj-obiskati-v-okolici-gradu\/\">ovdje<\/a>])<\/p>\n<p style=\"text-align: center;\"><em><strong>Do\u0111ite i stvorite nezaboravne uspomene na dvorcu Podsreda ovu sezonu!<\/strong><\/em><\/p>\n<\/div>\n<\/div>\n<\/div>\n<div class=\"flex justify-between empty:hidden gizmo:mt-1 gizmo:justify-start gizmo:gap-3 lg:block gizmo:lg:flex\" style=\"text-align: center;\">\n<div class=\"text-gray-400 flex self-end lg:self-center justify-center gizmo:lg:justify-start mt-2 gizmo:mt-0 visible gap-1\"><\/div>\n<\/div>\n<\/div>\n<\/div>\n<\/div>\n<\/div>\n<\/div>\n<\/div>\n<\/div>\n<\/div>\n<\/div>\n<div class=\"w-full pt-2 md:pt-0 border-t md:border-t-0 gizmo:border-t-0 dark:border-white\/20 md:border-transparent md:dark:border-transparent md:pl-2 gizmo:pl-0 gizmo:md:pl-0 md:w-[calc(100%-.5rem)]\">\n<form class=\"stretch mx-2 flex flex-row gap-3 last:mb-2 md:mx-4 md:last:mb-6 lg:mx-auto lg:max-w-2xl xl:max-w-3xl\">\n<div class=\"relative flex h-full flex-1 items-stretch md:flex-col\">\n<div class=\"flex w-full items-center\">\n<div class=\"overflow-hidden gizmo:[&amp;:has(textarea:focus)]:border-token-border-xheavy gizmo:[&amp;:has(textarea:focus)]:shadow-[0_2px_6px_rgba(0,0,0,.05)] flex flex-col w-full dark:border-gray-900\/50 gizmo:dark:border-token-border-heavy flex-grow relative border border-black\/10 gizmo:border-token-border-heavy dark:text-white rounded-xl gizmo:rounded-2xl shadow-xs dark:shadow-xs dark:bg-gray-700 bg-white gizmo:dark:bg-gray-800 gizmo:shadow-[0_0_0_2px_rgba(255,255,255,0.95)] gizmo:dark:shadow-[0_0_0_2px_rgba(52,53,65,0.95)]\">\n<div data-grammarly-part=\"button\">\n<div>\n<div>\n<div class=\"amkYk\">\n<div>\n<div class=\"ptGJG\" style=\"text-align: center;\"><\/div>\n<\/div>\n<\/div>\n<\/div>\n<\/div>\n<\/div>\n<\/div>\n<\/div>\n<\/div>\n<\/form>\n<\/div>\n<p>[\/vc_column_text][\/vc_column][\/vc_row][vc_row][vc_column width=&#8221;1\/3&#8243;][vc_single_image image=&#8221;34578&#8243; img_size=&#8221;full&#8221;][\/vc_column][vc_column width=&#8221;1\/3&#8243;][vc_single_image image=&#8221;34581&#8243; img_size=&#8221;full&#8221;][\/vc_column][vc_column width=&#8221;1\/3&#8243;][vc_single_image image=&#8221;34566&#8243; img_size=&#8221;full&#8221;][\/vc_column][\/vc_row]<\/p>\n","protected":false},"excerpt":{"rendered":"<p>Sa zadovoljstvom vas obavje\u0161tavamo da vrata na\u0161eg dvorca ostaju otvorena iu jesensko-zimskoj sezoni! Od studenog nas mo\u017eete posjetiti SVAKI DAN &#8211; OD UTORKA DO NEDJELJE &#8211; od 10 do 16 sati. PONEDJELJKOM SMO ZATVORENI.<\/p>\n","protected":false},"author":2,"featured_media":34560,"comment_status":"open","ping_status":"open","sticky":false,"template":"","format":"standard","meta":[],"categories":[1047,806],"tags":[],"yoast_head":"<!-- This site is optimized with the Yoast SEO plugin v19.14 - https:\/\/yoast.com\/wordpress\/plugins\/seo\/ -->\n<title>RADNO VRIJEME ZA SEZONU JESEN-ZIMA 2023 | Grad Podsreda | Sobe in apartmaji | Grajska ponudba<\/title>\n<meta name=\"description\" content=\"Sa zadovoljstvom vas obavje\u0161tavamo da vrata na\u0161eg dvorca ostaju otvorena iu jesensko-zimskoj sezoni! Od studenog nas mo\u017eete posjetiti SVAKI DAN - OD UTORKA DO NEDJELJE - od 10 do 16 sati. PONEDJELJKOM SMO ZATVORENI.\" \/>\n<meta name=\"robots\" content=\"index, follow, max-snippet:-1, max-image-preview:large, max-video-preview:-1\" \/>\n<link rel=\"canonical\" href=\"https:\/\/castlepodsreda.com\/hr\/odpiralni-cas-za-jesensko-zimsko-sezono-2023\/\" \/>\n<meta property=\"og:locale\" content=\"hr_HR\" \/>\n<meta property=\"og:type\" content=\"article\" \/>\n<meta property=\"og:title\" content=\"RADNO VRIJEME ZA SEZONU JESEN-ZIMA 2023 | Grad Podsreda | Sobe in apartmaji | Grajska ponudba\" \/>\n<meta property=\"og:description\" content=\"Sa zadovoljstvom vas obavje\u0161tavamo da vrata na\u0161eg dvorca ostaju otvorena iu jesensko-zimskoj sezoni! Od studenog nas mo\u017eete posjetiti SVAKI DAN - OD UTORKA DO NEDJELJE - od 10 do 16 sati. PONEDJELJKOM SMO ZATVORENI.\" \/>\n<meta property=\"og:url\" content=\"https:\/\/castlepodsreda.com\/hr\/odpiralni-cas-za-jesensko-zimsko-sezono-2023\/\" \/>\n<meta property=\"og:site_name\" content=\"Grad Podsreda | Sobe in apartmaji | Grajska ponudba\" \/>\n<meta property=\"article:publisher\" content=\"https:\/\/www.facebook.com\/podsredacastle\" \/>\n<meta property=\"article:published_time\" content=\"2023-11-28T07:00:08+00:00\" \/>\n<meta property=\"article:modified_time\" content=\"2023-11-28T10:19:04+00:00\" \/>\n<meta property=\"og:image\" content=\"https:\/\/castlepodsreda.com\/wp-content\/uploads\/2023\/11\/2-3.jpg\" \/>\n\t<meta property=\"og:image:width\" content=\"465\" \/>\n\t<meta property=\"og:image:height\" content=\"420\" \/>\n\t<meta property=\"og:image:type\" content=\"image\/jpeg\" \/>\n<meta name=\"author\" content=\"Administrator\" \/>\n<meta name=\"twitter:card\" content=\"summary_large_image\" \/>\n<meta name=\"twitter:label1\" content=\"Napisao\/la\" \/>\n\t<meta name=\"twitter:data1\" content=\"Administrator\" \/>\n\t<meta name=\"twitter:label2\" content=\"Procijenjeno vrijeme \u010ditanja\" \/>\n\t<meta name=\"twitter:data2\" content=\"2 minute\" \/>\n<script type=\"application\/ld+json\" class=\"yoast-schema-graph\">{\"@context\":\"https:\/\/schema.org\",\"@graph\":[{\"@type\":\"Article\",\"@id\":\"https:\/\/castlepodsreda.com\/hr\/odpiralni-cas-za-jesensko-zimsko-sezono-2023\/#article\",\"isPartOf\":{\"@id\":\"https:\/\/castlepodsreda.com\/hr\/odpiralni-cas-za-jesensko-zimsko-sezono-2023\/\"},\"author\":{\"name\":\"Administrator\",\"@id\":\"https:\/\/castlepodsreda.com\/hr\/#\/schema\/person\/198d485f44bf3a58695a9e70049ea060\"},\"headline\":\"RADNO VRIJEME ZA SEZONU JESEN-ZIMA 2023\",\"datePublished\":\"2023-11-28T07:00:08+00:00\",\"dateModified\":\"2023-11-28T10:19:04+00:00\",\"mainEntityOfPage\":{\"@id\":\"https:\/\/castlepodsreda.com\/hr\/odpiralni-cas-za-jesensko-zimsko-sezono-2023\/\"},\"wordCount\":477,\"commentCount\":0,\"publisher\":{\"@id\":\"https:\/\/castlepodsreda.com\/hr\/#organization\"},\"articleSection\":[\"NOVOSTI\",\"Uncategorized @hr\"],\"inLanguage\":\"hr\",\"potentialAction\":[{\"@type\":\"CommentAction\",\"name\":\"Comment\",\"target\":[\"https:\/\/castlepodsreda.com\/hr\/odpiralni-cas-za-jesensko-zimsko-sezono-2023\/#respond\"]}]},{\"@type\":\"WebPage\",\"@id\":\"https:\/\/castlepodsreda.com\/hr\/odpiralni-cas-za-jesensko-zimsko-sezono-2023\/\",\"url\":\"https:\/\/castlepodsreda.com\/hr\/odpiralni-cas-za-jesensko-zimsko-sezono-2023\/\",\"name\":\"RADNO VRIJEME ZA SEZONU JESEN-ZIMA 2023 | Grad Podsreda | Sobe in apartmaji | Grajska ponudba\",\"isPartOf\":{\"@id\":\"https:\/\/castlepodsreda.com\/hr\/#website\"},\"datePublished\":\"2023-11-28T07:00:08+00:00\",\"dateModified\":\"2023-11-28T10:19:04+00:00\",\"description\":\"Sa zadovoljstvom vas obavje\u0161tavamo da vrata na\u0161eg dvorca ostaju otvorena iu jesensko-zimskoj sezoni! Od studenog nas mo\u017eete posjetiti SVAKI DAN - OD UTORKA DO NEDJELJE - od 10 do 16 sati. PONEDJELJKOM SMO ZATVORENI.\",\"breadcrumb\":{\"@id\":\"https:\/\/castlepodsreda.com\/hr\/odpiralni-cas-za-jesensko-zimsko-sezono-2023\/#breadcrumb\"},\"inLanguage\":\"hr\",\"potentialAction\":[{\"@type\":\"ReadAction\",\"target\":[\"https:\/\/castlepodsreda.com\/hr\/odpiralni-cas-za-jesensko-zimsko-sezono-2023\/\"]}]},{\"@type\":\"BreadcrumbList\",\"@id\":\"https:\/\/castlepodsreda.com\/hr\/odpiralni-cas-za-jesensko-zimsko-sezono-2023\/#breadcrumb\",\"itemListElement\":[{\"@type\":\"ListItem\",\"position\":1,\"name\":\"Home\",\"item\":\"https:\/\/castlepodsreda.com\/hr\/\"},{\"@type\":\"ListItem\",\"position\":2,\"name\":\"RADNO VRIJEME ZA SEZONU JESEN-ZIMA 2023\"}]},{\"@type\":\"WebSite\",\"@id\":\"https:\/\/castlepodsreda.com\/hr\/#website\",\"url\":\"https:\/\/castlepodsreda.com\/hr\/\",\"name\":\"Grad Podsreda | Sobe in apartmaji | Grajska ponudba\",\"description\":\"Najbolj grajski med gradovi v Sloveniji\",\"publisher\":{\"@id\":\"https:\/\/castlepodsreda.com\/hr\/#organization\"},\"potentialAction\":[{\"@type\":\"SearchAction\",\"target\":{\"@type\":\"EntryPoint\",\"urlTemplate\":\"https:\/\/castlepodsreda.com\/hr\/?s={search_term_string}\"},\"query-input\":\"required name=search_term_string\"}],\"inLanguage\":\"hr\"},{\"@type\":\"Organization\",\"@id\":\"https:\/\/castlepodsreda.com\/hr\/#organization\",\"name\":\"Grad Podsreda | Sobe in apartmaji | Grajska ponudba\",\"url\":\"https:\/\/castlepodsreda.com\/hr\/\",\"logo\":{\"@type\":\"ImageObject\",\"inLanguage\":\"hr\",\"@id\":\"https:\/\/castlepodsreda.com\/hr\/#\/schema\/logo\/image\/\",\"url\":\"https:\/\/castlepodsreda.com\/wp-content\/uploads\/2020\/04\/logo-grad-podsreda-2.jpg\",\"contentUrl\":\"https:\/\/castlepodsreda.com\/wp-content\/uploads\/2020\/04\/logo-grad-podsreda-2.jpg\",\"width\":576,\"height\":576,\"caption\":\"Grad Podsreda | Sobe in apartmaji | Grajska ponudba\"},\"image\":{\"@id\":\"https:\/\/castlepodsreda.com\/hr\/#\/schema\/logo\/image\/\"},\"sameAs\":[\"https:\/\/www.instagram.com\/podsredacastle\/\",\"https:\/\/www.facebook.com\/podsredacastle\"]},{\"@type\":\"Person\",\"@id\":\"https:\/\/castlepodsreda.com\/hr\/#\/schema\/person\/198d485f44bf3a58695a9e70049ea060\",\"name\":\"Administrator\",\"image\":{\"@type\":\"ImageObject\",\"inLanguage\":\"hr\",\"@id\":\"https:\/\/castlepodsreda.com\/hr\/#\/schema\/person\/image\/\",\"url\":\"https:\/\/secure.gravatar.com\/avatar\/1d9d2804165559256920cd8e4ed784aa?s=96&d=mm&r=g\",\"contentUrl\":\"https:\/\/secure.gravatar.com\/avatar\/1d9d2804165559256920cd8e4ed784aa?s=96&d=mm&r=g\",\"caption\":\"Administrator\"},\"sameAs\":[\"https:\/\/www.castlepodsreda.com\"]}]}<\/script>\n<!-- \/ Yoast SEO plugin. -->","yoast_head_json":{"title":"RADNO VRIJEME ZA SEZONU JESEN-ZIMA 2023 | Grad Podsreda | Sobe in apartmaji | Grajska ponudba","description":"Sa zadovoljstvom vas obavje\u0161tavamo da vrata na\u0161eg dvorca ostaju otvorena iu jesensko-zimskoj sezoni! Od studenog nas mo\u017eete posjetiti SVAKI DAN - OD UTORKA DO NEDJELJE - od 10 do 16 sati. PONEDJELJKOM SMO ZATVORENI.","robots":{"index":"index","follow":"follow","max-snippet":"max-snippet:-1","max-image-preview":"max-image-preview:large","max-video-preview":"max-video-preview:-1"},"canonical":"https:\/\/castlepodsreda.com\/hr\/odpiralni-cas-za-jesensko-zimsko-sezono-2023\/","og_locale":"hr_HR","og_type":"article","og_title":"RADNO VRIJEME ZA SEZONU JESEN-ZIMA 2023 | Grad Podsreda | Sobe in apartmaji | Grajska ponudba","og_description":"Sa zadovoljstvom vas obavje\u0161tavamo da vrata na\u0161eg dvorca ostaju otvorena iu jesensko-zimskoj sezoni! Od studenog nas mo\u017eete posjetiti SVAKI DAN - OD UTORKA DO NEDJELJE - od 10 do 16 sati. PONEDJELJKOM SMO ZATVORENI.","og_url":"https:\/\/castlepodsreda.com\/hr\/odpiralni-cas-za-jesensko-zimsko-sezono-2023\/","og_site_name":"Grad Podsreda | Sobe in apartmaji | Grajska ponudba","article_publisher":"https:\/\/www.facebook.com\/podsredacastle","article_published_time":"2023-11-28T07:00:08+00:00","article_modified_time":"2023-11-28T10:19:04+00:00","og_image":[{"width":465,"height":420,"url":"https:\/\/castlepodsreda.com\/wp-content\/uploads\/2023\/11\/2-3.jpg","type":"image\/jpeg"}],"author":"Administrator","twitter_card":"summary_large_image","twitter_misc":{"Napisao\/la":"Administrator","Procijenjeno vrijeme \u010ditanja":"2 minute"},"schema":{"@context":"https:\/\/schema.org","@graph":[{"@type":"Article","@id":"https:\/\/castlepodsreda.com\/hr\/odpiralni-cas-za-jesensko-zimsko-sezono-2023\/#article","isPartOf":{"@id":"https:\/\/castlepodsreda.com\/hr\/odpiralni-cas-za-jesensko-zimsko-sezono-2023\/"},"author":{"name":"Administrator","@id":"https:\/\/castlepodsreda.com\/hr\/#\/schema\/person\/198d485f44bf3a58695a9e70049ea060"},"headline":"RADNO VRIJEME ZA SEZONU JESEN-ZIMA 2023","datePublished":"2023-11-28T07:00:08+00:00","dateModified":"2023-11-28T10:19:04+00:00","mainEntityOfPage":{"@id":"https:\/\/castlepodsreda.com\/hr\/odpiralni-cas-za-jesensko-zimsko-sezono-2023\/"},"wordCount":477,"commentCount":0,"publisher":{"@id":"https:\/\/castlepodsreda.com\/hr\/#organization"},"articleSection":["NOVOSTI","Uncategorized @hr"],"inLanguage":"hr","potentialAction":[{"@type":"CommentAction","name":"Comment","target":["https:\/\/castlepodsreda.com\/hr\/odpiralni-cas-za-jesensko-zimsko-sezono-2023\/#respond"]}]},{"@type":"WebPage","@id":"https:\/\/castlepodsreda.com\/hr\/odpiralni-cas-za-jesensko-zimsko-sezono-2023\/","url":"https:\/\/castlepodsreda.com\/hr\/odpiralni-cas-za-jesensko-zimsko-sezono-2023\/","name":"RADNO VRIJEME ZA SEZONU JESEN-ZIMA 2023 | Grad Podsreda | Sobe in apartmaji | Grajska ponudba","isPartOf":{"@id":"https:\/\/castlepodsreda.com\/hr\/#website"},"datePublished":"2023-11-28T07:00:08+00:00","dateModified":"2023-11-28T10:19:04+00:00","description":"Sa zadovoljstvom vas obavje\u0161tavamo da vrata na\u0161eg dvorca ostaju otvorena iu jesensko-zimskoj sezoni! Od studenog nas mo\u017eete posjetiti SVAKI DAN - OD UTORKA DO NEDJELJE - od 10 do 16 sati. PONEDJELJKOM SMO ZATVORENI.","breadcrumb":{"@id":"https:\/\/castlepodsreda.com\/hr\/odpiralni-cas-za-jesensko-zimsko-sezono-2023\/#breadcrumb"},"inLanguage":"hr","potentialAction":[{"@type":"ReadAction","target":["https:\/\/castlepodsreda.com\/hr\/odpiralni-cas-za-jesensko-zimsko-sezono-2023\/"]}]},{"@type":"BreadcrumbList","@id":"https:\/\/castlepodsreda.com\/hr\/odpiralni-cas-za-jesensko-zimsko-sezono-2023\/#breadcrumb","itemListElement":[{"@type":"ListItem","position":1,"name":"Home","item":"https:\/\/castlepodsreda.com\/hr\/"},{"@type":"ListItem","position":2,"name":"RADNO VRIJEME ZA SEZONU JESEN-ZIMA 2023"}]},{"@type":"WebSite","@id":"https:\/\/castlepodsreda.com\/hr\/#website","url":"https:\/\/castlepodsreda.com\/hr\/","name":"Grad Podsreda | Sobe in apartmaji | Grajska ponudba","description":"Najbolj grajski med gradovi v Sloveniji","publisher":{"@id":"https:\/\/castlepodsreda.com\/hr\/#organization"},"potentialAction":[{"@type":"SearchAction","target":{"@type":"EntryPoint","urlTemplate":"https:\/\/castlepodsreda.com\/hr\/?s={search_term_string}"},"query-input":"required name=search_term_string"}],"inLanguage":"hr"},{"@type":"Organization","@id":"https:\/\/castlepodsreda.com\/hr\/#organization","name":"Grad Podsreda | Sobe in apartmaji | Grajska ponudba","url":"https:\/\/castlepodsreda.com\/hr\/","logo":{"@type":"ImageObject","inLanguage":"hr","@id":"https:\/\/castlepodsreda.com\/hr\/#\/schema\/logo\/image\/","url":"https:\/\/castlepodsreda.com\/wp-content\/uploads\/2020\/04\/logo-grad-podsreda-2.jpg","contentUrl":"https:\/\/castlepodsreda.com\/wp-content\/uploads\/2020\/04\/logo-grad-podsreda-2.jpg","width":576,"height":576,"caption":"Grad Podsreda | Sobe in apartmaji | Grajska ponudba"},"image":{"@id":"https:\/\/castlepodsreda.com\/hr\/#\/schema\/logo\/image\/"},"sameAs":["https:\/\/www.instagram.com\/podsredacastle\/","https:\/\/www.facebook.com\/podsredacastle"]},{"@type":"Person","@id":"https:\/\/castlepodsreda.com\/hr\/#\/schema\/person\/198d485f44bf3a58695a9e70049ea060","name":"Administrator","image":{"@type":"ImageObject","inLanguage":"hr","@id":"https:\/\/castlepodsreda.com\/hr\/#\/schema\/person\/image\/","url":"https:\/\/secure.gravatar.com\/avatar\/1d9d2804165559256920cd8e4ed784aa?s=96&d=mm&r=g","contentUrl":"https:\/\/secure.gravatar.com\/avatar\/1d9d2804165559256920cd8e4ed784aa?s=96&d=mm&r=g","caption":"Administrator"},"sameAs":["https:\/\/www.castlepodsreda.com"]}]}},"_links":{"self":[{"href":"https:\/\/castlepodsreda.com\/hr\/wp-json\/wp\/v2\/posts\/34484"}],"collection":[{"href":"https:\/\/castlepodsreda.com\/hr\/wp-json\/wp\/v2\/posts"}],"about":[{"href":"https:\/\/castlepodsreda.com\/hr\/wp-json\/wp\/v2\/types\/post"}],"author":[{"embeddable":true,"href":"https:\/\/castlepodsreda.com\/hr\/wp-json\/wp\/v2\/users\/2"}],"replies":[{"embeddable":true,"href":"https:\/\/castlepodsreda.com\/hr\/wp-json\/wp\/v2\/comments?post=34484"}],"version-history":[{"count":6,"href":"https:\/\/castlepodsreda.com\/hr\/wp-json\/wp\/v2\/posts\/34484\/revisions"}],"predecessor-version":[{"id":34585,"href":"https:\/\/castlepodsreda.com\/hr\/wp-json\/wp\/v2\/posts\/34484\/revisions\/34585"}],"wp:featuredmedia":[{"embeddable":true,"href":"https:\/\/castlepodsreda.com\/hr\/wp-json\/wp\/v2\/media\/34560"}],"wp:attachment":[{"href":"https:\/\/castlepodsreda.com\/hr\/wp-json\/wp\/v2\/media?parent=34484"}],"wp:term":[{"taxonomy":"category","embeddable":true,"href":"https:\/\/castlepodsreda.com\/hr\/wp-json\/wp\/v2\/categories?post=34484"},{"taxonomy":"post_tag","embeddable":true,"href":"https:\/\/castlepodsreda.com\/hr\/wp-json\/wp\/v2\/tags?post=34484"}],"curies":[{"name":"wp","href":"https:\/\/api.w.org\/{rel}","templated":true}]}}