{"id":34966,"date":"2023-12-13T09:32:14","date_gmt":"2023-12-13T09:32:14","guid":{"rendered":"https:\/\/castlepodsreda.com\/?p=34966"},"modified":"2023-12-13T10:49:56","modified_gmt":"2023-12-13T10:49:56","slug":"adventni-sejem-in-obisk-grajskega-bozicka-na-gradu-podsreda","status":"publish","type":"post","link":"https:\/\/castlepodsreda.com\/hr\/adventni-sejem-in-obisk-grajskega-bozicka-na-gradu-podsreda\/","title":{"rendered":"ADVENTSKI SAJAM NA DVORCU PODSREDA"},"content":{"rendered":"<p>[vc_row][vc_column][vc_column_text]<\/p>\n<h3><span style=\"font-size: 16px;\">Pozvani ste da do\u017eivite \u010daroliju prazni\u010dnog sajma na dvorcu! <\/span><\/h3>\n<p><em><strong><span style=\"font-size: 16px;\">Pridru\u017eite nam se u danu punom prazni\u010dnih u\u017eitaka s lokalnim prodavcima, prazni\u010dnim melodijama, upoznavanjem simpati\u010dnih ponija iz Rubinovog Hlev\u010dka i posjetom pravom Dvorcu Djedu Mrazu!<\/span><\/strong><\/em>[\/vc_column_text][vc_column_text]<\/span><\/h3>\n<h3 style=\"text-align: center;\"><span style=\"font-size: 16px;\">Evo va\u0161eg vodi\u010da za vikend zabavu:<\/span><\/h3>\n<p style=\"text-align: center;\"><strong>KADA:<\/strong><\/p>\n<p style=\"text-align: center;\">Subota, 16. prosinca | 16:00 &#8211; 20:00 sati<\/p>\n<p style=\"text-align: center;\"><strong>GDJE:<\/strong><\/p>\n<p style=\"text-align: center;\">Dvorac Podsreda Podsreda 103, Podsreda<\/p>\n<p style=\"text-align: center;\"><strong>HRANA:<\/strong><\/p>\n<p style=\"text-align: center;\">Do\u0111ite gladni! Na\u0161 lokalni tim priprema ukusan sajamski meni.<\/p>\n<p>[\/vc_column_text][vc_column_text css=&#8221;.vc_custom_1702464586915{border-right-width: 18px !important;padding-top: 18px !important;padding-bottom: 18px !important;padding-left: 18px !important;background-color: #aadddc !important;}&#8221;]<\/p>\n<p style=\"text-align: center;\"><strong>AKTIVNOSTI:<\/strong><\/p>\n<p style=\"text-align: center;\">Fotografiranje s Djedom Mrazom (17:00 &#8211; 20:00 sati)<\/p>\n<p style=\"text-align: center;\">Ukra\u0161avanje medenjaka (17:00 &#8211; 20:00 sati)<\/p>\n<p style=\"text-align: center;\">Jahanje ponija iz Rubinov hlevek<\/p>\n<p>&nbsp;<\/p>\n<p style=\"text-align: center;\"><strong>DOBRO JE ZNATI:<\/strong><\/p>\n<p style=\"text-align: center;\">Besplatan ulaz + parking<\/p>\n<p style=\"text-align: center;\">Vanjski doga\u0111aj<\/p>\n<p style=\"text-align: center;\">Toaleti na licu mjesta<\/p>\n<p>[\/vc_column_text][vc_column_text]Dobrodo\u0161li na 2. adventskom sajmu na dvorcu Podsreda, koji \u0107e biti vi\u0161e od obi\u010dnog iskustva kupovine!<\/p>\n<p><em><strong>Neka to bude vrijeme radosti i dru\u017eenja s nepoznatima i prijateljima. Sastajmo se u sjaju prazni\u010dnih svjetala, dr\u017eimo se za ruke na kraju sezone, nazdravljamo i njegujemo me\u0111usobne odnose, \u0161to je najva\u017enije ovog prazni\u010dnog razdoblja.<\/strong><\/em><\/p>\n<p>Doga\u0111aj se odr\u017eava u suorganizaciji Turisti\u010dkog dru\u0161tva Kozje, Kozjanskog parka, Op\u0107ine Kozje i TD Podsreda[\/vc_column_text][\/vc_column][\/vc_row]<\/p>\n","protected":false},"excerpt":{"rendered":"<p>Srda\u010dno ste pozvani na 2. adventski sajam u dvorac Podsreda u SUBOTU 16. PROSINCA od 17 sati. Upoznajmo se u sjaju blagdanske rasvjete, uhvatimo se za ruke na kraju sezone, nazdravimo i njegujemo me\u0111usobne odnose, \u0161to je u blagdansko vrijeme najva\u017enije.<\/p>\n","protected":false},"author":2,"featured_media":34989,"comment_status":"open","ping_status":"open","sticky":false,"template":"","format":"standard","meta":[],"categories":[1047,806],"tags":[],"yoast_head":"<!-- This site is optimized with the Yoast SEO plugin v19.14 - https:\/\/yoast.com\/wordpress\/plugins\/seo\/ -->\n<title>ADVENTSKI SAJAM NA DVORCU PODSREDA | Grad Podsreda | Sobe in apartmaji | Grajska ponudba<\/title>\n<meta name=\"description\" content=\"Lepo vabljeni na 2. Adventni sejem na gradu Podsreda, V SOBOTO, 16. DECEMBRA, od 17. ure dalje. Sre\u010dajmo se v soju prazni\u010dnih lu\u010dk, si sezimo v roke ob zaklju\u010dku sezone, nazdravimoin negujmo medsebojne odnose, kar je najpomembnej\u0161e v prazni\u010dnem \u010dasu.\" \/>\n<meta name=\"robots\" content=\"index, follow, max-snippet:-1, max-image-preview:large, max-video-preview:-1\" \/>\n<link rel=\"canonical\" href=\"https:\/\/castlepodsreda.com\/hr\/adventni-sejem-in-obisk-grajskega-bozicka-na-gradu-podsreda\/\" \/>\n<meta property=\"og:locale\" content=\"hr_HR\" \/>\n<meta property=\"og:type\" content=\"article\" \/>\n<meta property=\"og:title\" content=\"ADVENTSKI SAJAM NA DVORCU PODSREDA | Grad Podsreda | Sobe in apartmaji | Grajska ponudba\" \/>\n<meta property=\"og:description\" content=\"Lepo vabljeni na 2. Adventni sejem na gradu Podsreda, V SOBOTO, 16. DECEMBRA, od 17. ure dalje. Sre\u010dajmo se v soju prazni\u010dnih lu\u010dk, si sezimo v roke ob zaklju\u010dku sezone, nazdravimoin negujmo medsebojne odnose, kar je najpomembnej\u0161e v prazni\u010dnem \u010dasu.\" \/>\n<meta property=\"og:url\" content=\"https:\/\/castlepodsreda.com\/hr\/adventni-sejem-in-obisk-grajskega-bozicka-na-gradu-podsreda\/\" \/>\n<meta property=\"og:site_name\" content=\"Grad Podsreda | Sobe in apartmaji | Grajska ponudba\" \/>\n<meta property=\"article:publisher\" content=\"https:\/\/www.facebook.com\/podsredacastle\" \/>\n<meta property=\"article:published_time\" content=\"2023-12-13T09:32:14+00:00\" \/>\n<meta property=\"article:modified_time\" content=\"2023-12-13T10:49:56+00:00\" \/>\n<meta property=\"og:image\" content=\"https:\/\/castlepodsreda.com\/wp-content\/uploads\/2023\/12\/2-1.jpg\" \/>\n\t<meta property=\"og:image:width\" content=\"465\" \/>\n\t<meta property=\"og:image:height\" content=\"420\" \/>\n\t<meta property=\"og:image:type\" content=\"image\/jpeg\" \/>\n<meta name=\"author\" content=\"Administrator\" \/>\n<meta name=\"twitter:card\" content=\"summary_large_image\" \/>\n<meta name=\"twitter:label1\" content=\"Napisao\/la\" \/>\n\t<meta name=\"twitter:data1\" content=\"Administrator\" \/>\n\t<meta name=\"twitter:label2\" content=\"Procijenjeno vrijeme \u010ditanja\" \/>\n\t<meta name=\"twitter:data2\" content=\"1 minuta\" \/>\n<script type=\"application\/ld+json\" class=\"yoast-schema-graph\">{\"@context\":\"https:\/\/schema.org\",\"@graph\":[{\"@type\":\"Article\",\"@id\":\"https:\/\/castlepodsreda.com\/hr\/adventni-sejem-in-obisk-grajskega-bozicka-na-gradu-podsreda\/#article\",\"isPartOf\":{\"@id\":\"https:\/\/castlepodsreda.com\/hr\/adventni-sejem-in-obisk-grajskega-bozicka-na-gradu-podsreda\/\"},\"author\":{\"name\":\"Administrator\",\"@id\":\"https:\/\/castlepodsreda.com\/hr\/#\/schema\/person\/198d485f44bf3a58695a9e70049ea060\"},\"headline\":\"ADVENTSKI SAJAM NA DVORCU PODSREDA\",\"datePublished\":\"2023-12-13T09:32:14+00:00\",\"dateModified\":\"2023-12-13T10:49:56+00:00\",\"mainEntityOfPage\":{\"@id\":\"https:\/\/castlepodsreda.com\/hr\/adventni-sejem-in-obisk-grajskega-bozicka-na-gradu-podsreda\/\"},\"wordCount\":236,\"commentCount\":0,\"publisher\":{\"@id\":\"https:\/\/castlepodsreda.com\/hr\/#organization\"},\"articleSection\":[\"NOVOSTI\",\"Uncategorized @hr\"],\"inLanguage\":\"hr\",\"potentialAction\":[{\"@type\":\"CommentAction\",\"name\":\"Comment\",\"target\":[\"https:\/\/castlepodsreda.com\/hr\/adventni-sejem-in-obisk-grajskega-bozicka-na-gradu-podsreda\/#respond\"]}]},{\"@type\":\"WebPage\",\"@id\":\"https:\/\/castlepodsreda.com\/hr\/adventni-sejem-in-obisk-grajskega-bozicka-na-gradu-podsreda\/\",\"url\":\"https:\/\/castlepodsreda.com\/hr\/adventni-sejem-in-obisk-grajskega-bozicka-na-gradu-podsreda\/\",\"name\":\"ADVENTSKI SAJAM NA DVORCU PODSREDA | Grad Podsreda | Sobe in apartmaji | Grajska ponudba\",\"isPartOf\":{\"@id\":\"https:\/\/castlepodsreda.com\/hr\/#website\"},\"datePublished\":\"2023-12-13T09:32:14+00:00\",\"dateModified\":\"2023-12-13T10:49:56+00:00\",\"description\":\"Lepo vabljeni na 2. Adventni sejem na gradu Podsreda, V SOBOTO, 16. DECEMBRA, od 17. ure dalje. Sre\u010dajmo se v soju prazni\u010dnih lu\u010dk, si sezimo v roke ob zaklju\u010dku sezone, nazdravimoin negujmo medsebojne odnose, kar je najpomembnej\u0161e v prazni\u010dnem \u010dasu.\",\"breadcrumb\":{\"@id\":\"https:\/\/castlepodsreda.com\/hr\/adventni-sejem-in-obisk-grajskega-bozicka-na-gradu-podsreda\/#breadcrumb\"},\"inLanguage\":\"hr\",\"potentialAction\":[{\"@type\":\"ReadAction\",\"target\":[\"https:\/\/castlepodsreda.com\/hr\/adventni-sejem-in-obisk-grajskega-bozicka-na-gradu-podsreda\/\"]}]},{\"@type\":\"BreadcrumbList\",\"@id\":\"https:\/\/castlepodsreda.com\/hr\/adventni-sejem-in-obisk-grajskega-bozicka-na-gradu-podsreda\/#breadcrumb\",\"itemListElement\":[{\"@type\":\"ListItem\",\"position\":1,\"name\":\"Home\",\"item\":\"https:\/\/castlepodsreda.com\/hr\/\"},{\"@type\":\"ListItem\",\"position\":2,\"name\":\"ADVENTSKI SAJAM NA DVORCU PODSREDA\"}]},{\"@type\":\"WebSite\",\"@id\":\"https:\/\/castlepodsreda.com\/hr\/#website\",\"url\":\"https:\/\/castlepodsreda.com\/hr\/\",\"name\":\"Grad Podsreda | Sobe in apartmaji | Grajska ponudba\",\"description\":\"Najbolj grajski med gradovi v Sloveniji\",\"publisher\":{\"@id\":\"https:\/\/castlepodsreda.com\/hr\/#organization\"},\"potentialAction\":[{\"@type\":\"SearchAction\",\"target\":{\"@type\":\"EntryPoint\",\"urlTemplate\":\"https:\/\/castlepodsreda.com\/hr\/?s={search_term_string}\"},\"query-input\":\"required name=search_term_string\"}],\"inLanguage\":\"hr\"},{\"@type\":\"Organization\",\"@id\":\"https:\/\/castlepodsreda.com\/hr\/#organization\",\"name\":\"Grad Podsreda | Sobe in apartmaji | Grajska ponudba\",\"url\":\"https:\/\/castlepodsreda.com\/hr\/\",\"logo\":{\"@type\":\"ImageObject\",\"inLanguage\":\"hr\",\"@id\":\"https:\/\/castlepodsreda.com\/hr\/#\/schema\/logo\/image\/\",\"url\":\"https:\/\/castlepodsreda.com\/wp-content\/uploads\/2020\/04\/logo-grad-podsreda-2.jpg\",\"contentUrl\":\"https:\/\/castlepodsreda.com\/wp-content\/uploads\/2020\/04\/logo-grad-podsreda-2.jpg\",\"width\":576,\"height\":576,\"caption\":\"Grad Podsreda | Sobe in apartmaji | Grajska ponudba\"},\"image\":{\"@id\":\"https:\/\/castlepodsreda.com\/hr\/#\/schema\/logo\/image\/\"},\"sameAs\":[\"https:\/\/www.instagram.com\/podsredacastle\/\",\"https:\/\/www.facebook.com\/podsredacastle\"]},{\"@type\":\"Person\",\"@id\":\"https:\/\/castlepodsreda.com\/hr\/#\/schema\/person\/198d485f44bf3a58695a9e70049ea060\",\"name\":\"Administrator\",\"image\":{\"@type\":\"ImageObject\",\"inLanguage\":\"hr\",\"@id\":\"https:\/\/castlepodsreda.com\/hr\/#\/schema\/person\/image\/\",\"url\":\"https:\/\/secure.gravatar.com\/avatar\/1d9d2804165559256920cd8e4ed784aa?s=96&d=mm&r=g\",\"contentUrl\":\"https:\/\/secure.gravatar.com\/avatar\/1d9d2804165559256920cd8e4ed784aa?s=96&d=mm&r=g\",\"caption\":\"Administrator\"},\"sameAs\":[\"https:\/\/www.castlepodsreda.com\"]}]}<\/script>\n<!-- \/ Yoast SEO plugin. -->","yoast_head_json":{"title":"ADVENTSKI SAJAM NA DVORCU PODSREDA | Grad Podsreda | Sobe in apartmaji | Grajska ponudba","description":"Lepo vabljeni na 2. Adventni sejem na gradu Podsreda, V SOBOTO, 16. DECEMBRA, od 17. ure dalje. Sre\u010dajmo se v soju prazni\u010dnih lu\u010dk, si sezimo v roke ob zaklju\u010dku sezone, nazdravimoin negujmo medsebojne odnose, kar je najpomembnej\u0161e v prazni\u010dnem \u010dasu.","robots":{"index":"index","follow":"follow","max-snippet":"max-snippet:-1","max-image-preview":"max-image-preview:large","max-video-preview":"max-video-preview:-1"},"canonical":"https:\/\/castlepodsreda.com\/hr\/adventni-sejem-in-obisk-grajskega-bozicka-na-gradu-podsreda\/","og_locale":"hr_HR","og_type":"article","og_title":"ADVENTSKI SAJAM NA DVORCU PODSREDA | Grad Podsreda | Sobe in apartmaji | Grajska ponudba","og_description":"Lepo vabljeni na 2. Adventni sejem na gradu Podsreda, V SOBOTO, 16. DECEMBRA, od 17. ure dalje. Sre\u010dajmo se v soju prazni\u010dnih lu\u010dk, si sezimo v roke ob zaklju\u010dku sezone, nazdravimoin negujmo medsebojne odnose, kar je najpomembnej\u0161e v prazni\u010dnem \u010dasu.","og_url":"https:\/\/castlepodsreda.com\/hr\/adventni-sejem-in-obisk-grajskega-bozicka-na-gradu-podsreda\/","og_site_name":"Grad Podsreda | Sobe in apartmaji | Grajska ponudba","article_publisher":"https:\/\/www.facebook.com\/podsredacastle","article_published_time":"2023-12-13T09:32:14+00:00","article_modified_time":"2023-12-13T10:49:56+00:00","og_image":[{"width":465,"height":420,"url":"https:\/\/castlepodsreda.com\/wp-content\/uploads\/2023\/12\/2-1.jpg","type":"image\/jpeg"}],"author":"Administrator","twitter_card":"summary_large_image","twitter_misc":{"Napisao\/la":"Administrator","Procijenjeno vrijeme \u010ditanja":"1 minuta"},"schema":{"@context":"https:\/\/schema.org","@graph":[{"@type":"Article","@id":"https:\/\/castlepodsreda.com\/hr\/adventni-sejem-in-obisk-grajskega-bozicka-na-gradu-podsreda\/#article","isPartOf":{"@id":"https:\/\/castlepodsreda.com\/hr\/adventni-sejem-in-obisk-grajskega-bozicka-na-gradu-podsreda\/"},"author":{"name":"Administrator","@id":"https:\/\/castlepodsreda.com\/hr\/#\/schema\/person\/198d485f44bf3a58695a9e70049ea060"},"headline":"ADVENTSKI SAJAM NA DVORCU PODSREDA","datePublished":"2023-12-13T09:32:14+00:00","dateModified":"2023-12-13T10:49:56+00:00","mainEntityOfPage":{"@id":"https:\/\/castlepodsreda.com\/hr\/adventni-sejem-in-obisk-grajskega-bozicka-na-gradu-podsreda\/"},"wordCount":236,"commentCount":0,"publisher":{"@id":"https:\/\/castlepodsreda.com\/hr\/#organization"},"articleSection":["NOVOSTI","Uncategorized @hr"],"inLanguage":"hr","potentialAction":[{"@type":"CommentAction","name":"Comment","target":["https:\/\/castlepodsreda.com\/hr\/adventni-sejem-in-obisk-grajskega-bozicka-na-gradu-podsreda\/#respond"]}]},{"@type":"WebPage","@id":"https:\/\/castlepodsreda.com\/hr\/adventni-sejem-in-obisk-grajskega-bozicka-na-gradu-podsreda\/","url":"https:\/\/castlepodsreda.com\/hr\/adventni-sejem-in-obisk-grajskega-bozicka-na-gradu-podsreda\/","name":"ADVENTSKI SAJAM NA DVORCU PODSREDA | Grad Podsreda | Sobe in apartmaji | Grajska ponudba","isPartOf":{"@id":"https:\/\/castlepodsreda.com\/hr\/#website"},"datePublished":"2023-12-13T09:32:14+00:00","dateModified":"2023-12-13T10:49:56+00:00","description":"Lepo vabljeni na 2. Adventni sejem na gradu Podsreda, V SOBOTO, 16. DECEMBRA, od 17. ure dalje. Sre\u010dajmo se v soju prazni\u010dnih lu\u010dk, si sezimo v roke ob zaklju\u010dku sezone, nazdravimoin negujmo medsebojne odnose, kar je najpomembnej\u0161e v prazni\u010dnem \u010dasu.","breadcrumb":{"@id":"https:\/\/castlepodsreda.com\/hr\/adventni-sejem-in-obisk-grajskega-bozicka-na-gradu-podsreda\/#breadcrumb"},"inLanguage":"hr","potentialAction":[{"@type":"ReadAction","target":["https:\/\/castlepodsreda.com\/hr\/adventni-sejem-in-obisk-grajskega-bozicka-na-gradu-podsreda\/"]}]},{"@type":"BreadcrumbList","@id":"https:\/\/castlepodsreda.com\/hr\/adventni-sejem-in-obisk-grajskega-bozicka-na-gradu-podsreda\/#breadcrumb","itemListElement":[{"@type":"ListItem","position":1,"name":"Home","item":"https:\/\/castlepodsreda.com\/hr\/"},{"@type":"ListItem","position":2,"name":"ADVENTSKI SAJAM NA DVORCU PODSREDA"}]},{"@type":"WebSite","@id":"https:\/\/castlepodsreda.com\/hr\/#website","url":"https:\/\/castlepodsreda.com\/hr\/","name":"Grad Podsreda | Sobe in apartmaji | Grajska ponudba","description":"Najbolj grajski med gradovi v Sloveniji","publisher":{"@id":"https:\/\/castlepodsreda.com\/hr\/#organization"},"potentialAction":[{"@type":"SearchAction","target":{"@type":"EntryPoint","urlTemplate":"https:\/\/castlepodsreda.com\/hr\/?s={search_term_string}"},"query-input":"required name=search_term_string"}],"inLanguage":"hr"},{"@type":"Organization","@id":"https:\/\/castlepodsreda.com\/hr\/#organization","name":"Grad Podsreda | Sobe in apartmaji | Grajska ponudba","url":"https:\/\/castlepodsreda.com\/hr\/","logo":{"@type":"ImageObject","inLanguage":"hr","@id":"https:\/\/castlepodsreda.com\/hr\/#\/schema\/logo\/image\/","url":"https:\/\/castlepodsreda.com\/wp-content\/uploads\/2020\/04\/logo-grad-podsreda-2.jpg","contentUrl":"https:\/\/castlepodsreda.com\/wp-content\/uploads\/2020\/04\/logo-grad-podsreda-2.jpg","width":576,"height":576,"caption":"Grad Podsreda | Sobe in apartmaji | Grajska ponudba"},"image":{"@id":"https:\/\/castlepodsreda.com\/hr\/#\/schema\/logo\/image\/"},"sameAs":["https:\/\/www.instagram.com\/podsredacastle\/","https:\/\/www.facebook.com\/podsredacastle"]},{"@type":"Person","@id":"https:\/\/castlepodsreda.com\/hr\/#\/schema\/person\/198d485f44bf3a58695a9e70049ea060","name":"Administrator","image":{"@type":"ImageObject","inLanguage":"hr","@id":"https:\/\/castlepodsreda.com\/hr\/#\/schema\/person\/image\/","url":"https:\/\/secure.gravatar.com\/avatar\/1d9d2804165559256920cd8e4ed784aa?s=96&d=mm&r=g","contentUrl":"https:\/\/secure.gravatar.com\/avatar\/1d9d2804165559256920cd8e4ed784aa?s=96&d=mm&r=g","caption":"Administrator"},"sameAs":["https:\/\/www.castlepodsreda.com"]}]}},"_links":{"self":[{"href":"https:\/\/castlepodsreda.com\/hr\/wp-json\/wp\/v2\/posts\/34966"}],"collection":[{"href":"https:\/\/castlepodsreda.com\/hr\/wp-json\/wp\/v2\/posts"}],"about":[{"href":"https:\/\/castlepodsreda.com\/hr\/wp-json\/wp\/v2\/types\/post"}],"author":[{"embeddable":true,"href":"https:\/\/castlepodsreda.com\/hr\/wp-json\/wp\/v2\/users\/2"}],"replies":[{"embeddable":true,"href":"https:\/\/castlepodsreda.com\/hr\/wp-json\/wp\/v2\/comments?post=34966"}],"version-history":[{"count":6,"href":"https:\/\/castlepodsreda.com\/hr\/wp-json\/wp\/v2\/posts\/34966\/revisions"}],"predecessor-version":[{"id":35010,"href":"https:\/\/castlepodsreda.com\/hr\/wp-json\/wp\/v2\/posts\/34966\/revisions\/35010"}],"wp:featuredmedia":[{"embeddable":true,"href":"https:\/\/castlepodsreda.com\/hr\/wp-json\/wp\/v2\/media\/34989"}],"wp:attachment":[{"href":"https:\/\/castlepodsreda.com\/hr\/wp-json\/wp\/v2\/media?parent=34966"}],"wp:term":[{"taxonomy":"category","embeddable":true,"href":"https:\/\/castlepodsreda.com\/hr\/wp-json\/wp\/v2\/categories?post=34966"},{"taxonomy":"post_tag","embeddable":true,"href":"https:\/\/castlepodsreda.com\/hr\/wp-json\/wp\/v2\/tags?post=34966"}],"curies":[{"name":"wp","href":"https:\/\/api.w.org\/{rel}","templated":true}]}}