{"id":36355,"date":"2024-04-18T10:59:42","date_gmt":"2024-04-18T10:59:42","guid":{"rendered":"https:\/\/castlepodsreda.com\/?p=36355"},"modified":"2024-04-18T11:25:45","modified_gmt":"2024-04-18T11:25:45","slug":"otvaranje-izlozbe-i-dodjela-nagrada-fotografskog-ex-tempora","status":"publish","type":"post","link":"https:\/\/castlepodsreda.com\/hr\/otvaranje-izlozbe-i-dodjela-nagrada-fotografskog-ex-tempora\/","title":{"rendered":"OTVARANJE IZLO\u017dBE I DODJELA NAGRADA FOTOGRAFSKOG EX TEMPORA"},"content":{"rendered":"<h4>Kozjanski park vas poziva da nam se pridru\u017eite na posebnom doga\u0111aju koji spaja umjetnost i prirodu u proslavi Svjetskog dana Zemlje.<\/h4>\n<p><strong> Doga\u0111aj \u0107e se odr\u017eati na dvorcu Podsreda, u ponedjeljak, 22. travnja 2024., u 18 sati.<\/strong><\/p>\n<p>Ove godine obilje\u017eavamo Svjetski dan Zemlje zaklju\u010divanjem knji\u017eevnog natje\u010daja na temu vodozemaca, u kojem su sudjelovali u\u010denici osnovnih \u0161kola s na\u0161eg za\u0161ti\u0107enog podru\u010dja. Osim knji\u017eevnog natje\u010daja, otvorit \u0107emo i fotografsku izlo\u017ebu sudionika pro\u0161logodi\u0161njeg ex tempora &#8220;Kozjansko jabluko 2023&#8221;. Tijekom doga\u0111anja dodijelit \u0107e se priznanja najboljim fotografskim radovima.<\/p>\n<p>Pozivamo vas na dvorac Podsreda da zajedno proslavimo ovaj poseban dan i odamo po\u010dast talentima koji su svoju kreativnost usmjerili na istra\u017eivanje i o\u010duvanje prirodne ba\u0161tine na\u0161eg podru\u010dja.<\/p>\n<p>Pridru\u017eite nam se u proslavi umjetnosti, prirode i zajedni\u010dkog duha!<\/p>\n","protected":false},"excerpt":{"rendered":"<p>Kozjanski park vas poziva da nam se pridru\u017eite na posebnom doga\u0111aju koji spaja umjetnost i prirodu u proslavi Svjetskog dana Zemlje. Doga\u0111aj \u0107e se odr\u017eati na dvorcu Podsreda, u ponedjeljak, 22. travnja 2024., u 18 sati.<\/p>\n","protected":false},"author":2,"featured_media":36364,"comment_status":"open","ping_status":"open","sticky":false,"template":"","format":"standard","meta":[],"categories":[1047,806],"tags":[],"yoast_head":"<!-- This site is optimized with the Yoast SEO plugin v19.14 - https:\/\/yoast.com\/wordpress\/plugins\/seo\/ -->\n<title>OTVARANJE IZLO\u017dBE I DODJELA NAGRADA FOTOGRAFSKOG EX TEMPORA | Grad Podsreda | Sobe in apartmaji | Grajska ponudba<\/title>\n<meta name=\"description\" content=\"Kozjanski park vas poziva da nam se pridru\u017eite na posebnom doga\u0111aju koji spaja umjetnost i prirodu u proslavi Svjetskog dana Zemlje. Doga\u0111aj \u0107e se odr\u017eati na dvorcu Podsreda, u ponedjeljak, 22. travnja 2024., u 18 sati.\" \/>\n<meta name=\"robots\" content=\"index, follow, max-snippet:-1, max-image-preview:large, max-video-preview:-1\" \/>\n<link rel=\"canonical\" href=\"https:\/\/castlepodsreda.com\/hr\/otvaranje-izlozbe-i-dodjela-nagrada-fotografskog-ex-tempora\/\" \/>\n<meta property=\"og:locale\" content=\"hr_HR\" \/>\n<meta property=\"og:type\" content=\"article\" \/>\n<meta property=\"og:title\" content=\"OTVARANJE IZLO\u017dBE I DODJELA NAGRADA FOTOGRAFSKOG EX TEMPORA | Grad Podsreda | Sobe in apartmaji | Grajska ponudba\" \/>\n<meta property=\"og:description\" content=\"Kozjanski park vas poziva da nam se pridru\u017eite na posebnom doga\u0111aju koji spaja umjetnost i prirodu u proslavi Svjetskog dana Zemlje. Doga\u0111aj \u0107e se odr\u017eati na dvorcu Podsreda, u ponedjeljak, 22. travnja 2024., u 18 sati.\" \/>\n<meta property=\"og:url\" content=\"https:\/\/castlepodsreda.com\/hr\/otvaranje-izlozbe-i-dodjela-nagrada-fotografskog-ex-tempora\/\" \/>\n<meta property=\"og:site_name\" content=\"Grad Podsreda | Sobe in apartmaji | Grajska ponudba\" \/>\n<meta property=\"article:publisher\" content=\"https:\/\/www.facebook.com\/podsredacastle\" \/>\n<meta property=\"article:published_time\" content=\"2024-04-18T10:59:42+00:00\" \/>\n<meta property=\"article:modified_time\" content=\"2024-04-18T11:25:45+00:00\" \/>\n<meta property=\"og:image\" content=\"https:\/\/castlepodsreda.com\/wp-content\/uploads\/2024\/04\/Tine-Uranic_Extempore_2023_cover_Grad-Podsreda-2.jpg\" \/>\n\t<meta property=\"og:image:width\" content=\"465\" \/>\n\t<meta property=\"og:image:height\" content=\"420\" \/>\n\t<meta property=\"og:image:type\" content=\"image\/jpeg\" \/>\n<meta name=\"author\" content=\"Administrator\" \/>\n<meta name=\"twitter:card\" content=\"summary_large_image\" \/>\n<meta name=\"twitter:label1\" content=\"Napisao\/la\" \/>\n\t<meta name=\"twitter:data1\" content=\"Administrator\" \/>\n\t<meta name=\"twitter:label2\" content=\"Procijenjeno vrijeme \u010ditanja\" \/>\n\t<meta name=\"twitter:data2\" content=\"1 minuta\" \/>\n<script type=\"application\/ld+json\" class=\"yoast-schema-graph\">{\"@context\":\"https:\/\/schema.org\",\"@graph\":[{\"@type\":\"Article\",\"@id\":\"https:\/\/castlepodsreda.com\/hr\/otvaranje-izlozbe-i-dodjela-nagrada-fotografskog-ex-tempora\/#article\",\"isPartOf\":{\"@id\":\"https:\/\/castlepodsreda.com\/hr\/otvaranje-izlozbe-i-dodjela-nagrada-fotografskog-ex-tempora\/\"},\"author\":{\"name\":\"Administrator\",\"@id\":\"https:\/\/castlepodsreda.com\/hr\/#\/schema\/person\/198d485f44bf3a58695a9e70049ea060\"},\"headline\":\"OTVARANJE IZLO\u017dBE I DODJELA NAGRADA FOTOGRAFSKOG EX TEMPORA\",\"datePublished\":\"2024-04-18T10:59:42+00:00\",\"dateModified\":\"2024-04-18T11:25:45+00:00\",\"mainEntityOfPage\":{\"@id\":\"https:\/\/castlepodsreda.com\/hr\/otvaranje-izlozbe-i-dodjela-nagrada-fotografskog-ex-tempora\/\"},\"wordCount\":153,\"commentCount\":0,\"publisher\":{\"@id\":\"https:\/\/castlepodsreda.com\/hr\/#organization\"},\"articleSection\":[\"NOVOSTI\",\"Uncategorized @hr\"],\"inLanguage\":\"hr\",\"potentialAction\":[{\"@type\":\"CommentAction\",\"name\":\"Comment\",\"target\":[\"https:\/\/castlepodsreda.com\/hr\/otvaranje-izlozbe-i-dodjela-nagrada-fotografskog-ex-tempora\/#respond\"]}]},{\"@type\":\"WebPage\",\"@id\":\"https:\/\/castlepodsreda.com\/hr\/otvaranje-izlozbe-i-dodjela-nagrada-fotografskog-ex-tempora\/\",\"url\":\"https:\/\/castlepodsreda.com\/hr\/otvaranje-izlozbe-i-dodjela-nagrada-fotografskog-ex-tempora\/\",\"name\":\"OTVARANJE IZLO\u017dBE I DODJELA NAGRADA FOTOGRAFSKOG EX TEMPORA | Grad Podsreda | Sobe in apartmaji | Grajska ponudba\",\"isPartOf\":{\"@id\":\"https:\/\/castlepodsreda.com\/hr\/#website\"},\"datePublished\":\"2024-04-18T10:59:42+00:00\",\"dateModified\":\"2024-04-18T11:25:45+00:00\",\"description\":\"Kozjanski park vas poziva da nam se pridru\u017eite na posebnom doga\u0111aju koji spaja umjetnost i prirodu u proslavi Svjetskog dana Zemlje. Doga\u0111aj \u0107e se odr\u017eati na dvorcu Podsreda, u ponedjeljak, 22. travnja 2024., u 18 sati.\",\"breadcrumb\":{\"@id\":\"https:\/\/castlepodsreda.com\/hr\/otvaranje-izlozbe-i-dodjela-nagrada-fotografskog-ex-tempora\/#breadcrumb\"},\"inLanguage\":\"hr\",\"potentialAction\":[{\"@type\":\"ReadAction\",\"target\":[\"https:\/\/castlepodsreda.com\/hr\/otvaranje-izlozbe-i-dodjela-nagrada-fotografskog-ex-tempora\/\"]}]},{\"@type\":\"BreadcrumbList\",\"@id\":\"https:\/\/castlepodsreda.com\/hr\/otvaranje-izlozbe-i-dodjela-nagrada-fotografskog-ex-tempora\/#breadcrumb\",\"itemListElement\":[{\"@type\":\"ListItem\",\"position\":1,\"name\":\"Home\",\"item\":\"https:\/\/castlepodsreda.com\/hr\/\"},{\"@type\":\"ListItem\",\"position\":2,\"name\":\"OTVARANJE IZLO\u017dBE I DODJELA NAGRADA FOTOGRAFSKOG EX TEMPORA\"}]},{\"@type\":\"WebSite\",\"@id\":\"https:\/\/castlepodsreda.com\/hr\/#website\",\"url\":\"https:\/\/castlepodsreda.com\/hr\/\",\"name\":\"Grad Podsreda | Sobe in apartmaji | Grajska ponudba\",\"description\":\"Najbolj grajski med gradovi v Sloveniji\",\"publisher\":{\"@id\":\"https:\/\/castlepodsreda.com\/hr\/#organization\"},\"potentialAction\":[{\"@type\":\"SearchAction\",\"target\":{\"@type\":\"EntryPoint\",\"urlTemplate\":\"https:\/\/castlepodsreda.com\/hr\/?s={search_term_string}\"},\"query-input\":\"required name=search_term_string\"}],\"inLanguage\":\"hr\"},{\"@type\":\"Organization\",\"@id\":\"https:\/\/castlepodsreda.com\/hr\/#organization\",\"name\":\"Grad Podsreda | Sobe in apartmaji | Grajska ponudba\",\"url\":\"https:\/\/castlepodsreda.com\/hr\/\",\"logo\":{\"@type\":\"ImageObject\",\"inLanguage\":\"hr\",\"@id\":\"https:\/\/castlepodsreda.com\/hr\/#\/schema\/logo\/image\/\",\"url\":\"https:\/\/castlepodsreda.com\/wp-content\/uploads\/2020\/04\/logo-grad-podsreda-2.jpg\",\"contentUrl\":\"https:\/\/castlepodsreda.com\/wp-content\/uploads\/2020\/04\/logo-grad-podsreda-2.jpg\",\"width\":576,\"height\":576,\"caption\":\"Grad Podsreda | Sobe in apartmaji | Grajska ponudba\"},\"image\":{\"@id\":\"https:\/\/castlepodsreda.com\/hr\/#\/schema\/logo\/image\/\"},\"sameAs\":[\"https:\/\/www.instagram.com\/podsredacastle\/\",\"https:\/\/www.facebook.com\/podsredacastle\"]},{\"@type\":\"Person\",\"@id\":\"https:\/\/castlepodsreda.com\/hr\/#\/schema\/person\/198d485f44bf3a58695a9e70049ea060\",\"name\":\"Administrator\",\"image\":{\"@type\":\"ImageObject\",\"inLanguage\":\"hr\",\"@id\":\"https:\/\/castlepodsreda.com\/hr\/#\/schema\/person\/image\/\",\"url\":\"https:\/\/secure.gravatar.com\/avatar\/1d9d2804165559256920cd8e4ed784aa?s=96&d=mm&r=g\",\"contentUrl\":\"https:\/\/secure.gravatar.com\/avatar\/1d9d2804165559256920cd8e4ed784aa?s=96&d=mm&r=g\",\"caption\":\"Administrator\"},\"sameAs\":[\"https:\/\/www.castlepodsreda.com\"]}]}<\/script>\n<!-- \/ Yoast SEO plugin. -->","yoast_head_json":{"title":"OTVARANJE IZLO\u017dBE I DODJELA NAGRADA FOTOGRAFSKOG EX TEMPORA | Grad Podsreda | Sobe in apartmaji | Grajska ponudba","description":"Kozjanski park vas poziva da nam se pridru\u017eite na posebnom doga\u0111aju koji spaja umjetnost i prirodu u proslavi Svjetskog dana Zemlje. Doga\u0111aj \u0107e se odr\u017eati na dvorcu Podsreda, u ponedjeljak, 22. travnja 2024., u 18 sati.","robots":{"index":"index","follow":"follow","max-snippet":"max-snippet:-1","max-image-preview":"max-image-preview:large","max-video-preview":"max-video-preview:-1"},"canonical":"https:\/\/castlepodsreda.com\/hr\/otvaranje-izlozbe-i-dodjela-nagrada-fotografskog-ex-tempora\/","og_locale":"hr_HR","og_type":"article","og_title":"OTVARANJE IZLO\u017dBE I DODJELA NAGRADA FOTOGRAFSKOG EX TEMPORA | Grad Podsreda | Sobe in apartmaji | Grajska ponudba","og_description":"Kozjanski park vas poziva da nam se pridru\u017eite na posebnom doga\u0111aju koji spaja umjetnost i prirodu u proslavi Svjetskog dana Zemlje. Doga\u0111aj \u0107e se odr\u017eati na dvorcu Podsreda, u ponedjeljak, 22. travnja 2024., u 18 sati.","og_url":"https:\/\/castlepodsreda.com\/hr\/otvaranje-izlozbe-i-dodjela-nagrada-fotografskog-ex-tempora\/","og_site_name":"Grad Podsreda | Sobe in apartmaji | Grajska ponudba","article_publisher":"https:\/\/www.facebook.com\/podsredacastle","article_published_time":"2024-04-18T10:59:42+00:00","article_modified_time":"2024-04-18T11:25:45+00:00","og_image":[{"width":465,"height":420,"url":"https:\/\/castlepodsreda.com\/wp-content\/uploads\/2024\/04\/Tine-Uranic_Extempore_2023_cover_Grad-Podsreda-2.jpg","type":"image\/jpeg"}],"author":"Administrator","twitter_card":"summary_large_image","twitter_misc":{"Napisao\/la":"Administrator","Procijenjeno vrijeme \u010ditanja":"1 minuta"},"schema":{"@context":"https:\/\/schema.org","@graph":[{"@type":"Article","@id":"https:\/\/castlepodsreda.com\/hr\/otvaranje-izlozbe-i-dodjela-nagrada-fotografskog-ex-tempora\/#article","isPartOf":{"@id":"https:\/\/castlepodsreda.com\/hr\/otvaranje-izlozbe-i-dodjela-nagrada-fotografskog-ex-tempora\/"},"author":{"name":"Administrator","@id":"https:\/\/castlepodsreda.com\/hr\/#\/schema\/person\/198d485f44bf3a58695a9e70049ea060"},"headline":"OTVARANJE IZLO\u017dBE I DODJELA NAGRADA FOTOGRAFSKOG EX TEMPORA","datePublished":"2024-04-18T10:59:42+00:00","dateModified":"2024-04-18T11:25:45+00:00","mainEntityOfPage":{"@id":"https:\/\/castlepodsreda.com\/hr\/otvaranje-izlozbe-i-dodjela-nagrada-fotografskog-ex-tempora\/"},"wordCount":153,"commentCount":0,"publisher":{"@id":"https:\/\/castlepodsreda.com\/hr\/#organization"},"articleSection":["NOVOSTI","Uncategorized @hr"],"inLanguage":"hr","potentialAction":[{"@type":"CommentAction","name":"Comment","target":["https:\/\/castlepodsreda.com\/hr\/otvaranje-izlozbe-i-dodjela-nagrada-fotografskog-ex-tempora\/#respond"]}]},{"@type":"WebPage","@id":"https:\/\/castlepodsreda.com\/hr\/otvaranje-izlozbe-i-dodjela-nagrada-fotografskog-ex-tempora\/","url":"https:\/\/castlepodsreda.com\/hr\/otvaranje-izlozbe-i-dodjela-nagrada-fotografskog-ex-tempora\/","name":"OTVARANJE IZLO\u017dBE I DODJELA NAGRADA FOTOGRAFSKOG EX TEMPORA | Grad Podsreda | Sobe in apartmaji | Grajska ponudba","isPartOf":{"@id":"https:\/\/castlepodsreda.com\/hr\/#website"},"datePublished":"2024-04-18T10:59:42+00:00","dateModified":"2024-04-18T11:25:45+00:00","description":"Kozjanski park vas poziva da nam se pridru\u017eite na posebnom doga\u0111aju koji spaja umjetnost i prirodu u proslavi Svjetskog dana Zemlje. Doga\u0111aj \u0107e se odr\u017eati na dvorcu Podsreda, u ponedjeljak, 22. travnja 2024., u 18 sati.","breadcrumb":{"@id":"https:\/\/castlepodsreda.com\/hr\/otvaranje-izlozbe-i-dodjela-nagrada-fotografskog-ex-tempora\/#breadcrumb"},"inLanguage":"hr","potentialAction":[{"@type":"ReadAction","target":["https:\/\/castlepodsreda.com\/hr\/otvaranje-izlozbe-i-dodjela-nagrada-fotografskog-ex-tempora\/"]}]},{"@type":"BreadcrumbList","@id":"https:\/\/castlepodsreda.com\/hr\/otvaranje-izlozbe-i-dodjela-nagrada-fotografskog-ex-tempora\/#breadcrumb","itemListElement":[{"@type":"ListItem","position":1,"name":"Home","item":"https:\/\/castlepodsreda.com\/hr\/"},{"@type":"ListItem","position":2,"name":"OTVARANJE IZLO\u017dBE I DODJELA NAGRADA FOTOGRAFSKOG EX TEMPORA"}]},{"@type":"WebSite","@id":"https:\/\/castlepodsreda.com\/hr\/#website","url":"https:\/\/castlepodsreda.com\/hr\/","name":"Grad Podsreda | Sobe in apartmaji | Grajska ponudba","description":"Najbolj grajski med gradovi v Sloveniji","publisher":{"@id":"https:\/\/castlepodsreda.com\/hr\/#organization"},"potentialAction":[{"@type":"SearchAction","target":{"@type":"EntryPoint","urlTemplate":"https:\/\/castlepodsreda.com\/hr\/?s={search_term_string}"},"query-input":"required name=search_term_string"}],"inLanguage":"hr"},{"@type":"Organization","@id":"https:\/\/castlepodsreda.com\/hr\/#organization","name":"Grad Podsreda | Sobe in apartmaji | Grajska ponudba","url":"https:\/\/castlepodsreda.com\/hr\/","logo":{"@type":"ImageObject","inLanguage":"hr","@id":"https:\/\/castlepodsreda.com\/hr\/#\/schema\/logo\/image\/","url":"https:\/\/castlepodsreda.com\/wp-content\/uploads\/2020\/04\/logo-grad-podsreda-2.jpg","contentUrl":"https:\/\/castlepodsreda.com\/wp-content\/uploads\/2020\/04\/logo-grad-podsreda-2.jpg","width":576,"height":576,"caption":"Grad Podsreda | Sobe in apartmaji | Grajska ponudba"},"image":{"@id":"https:\/\/castlepodsreda.com\/hr\/#\/schema\/logo\/image\/"},"sameAs":["https:\/\/www.instagram.com\/podsredacastle\/","https:\/\/www.facebook.com\/podsredacastle"]},{"@type":"Person","@id":"https:\/\/castlepodsreda.com\/hr\/#\/schema\/person\/198d485f44bf3a58695a9e70049ea060","name":"Administrator","image":{"@type":"ImageObject","inLanguage":"hr","@id":"https:\/\/castlepodsreda.com\/hr\/#\/schema\/person\/image\/","url":"https:\/\/secure.gravatar.com\/avatar\/1d9d2804165559256920cd8e4ed784aa?s=96&d=mm&r=g","contentUrl":"https:\/\/secure.gravatar.com\/avatar\/1d9d2804165559256920cd8e4ed784aa?s=96&d=mm&r=g","caption":"Administrator"},"sameAs":["https:\/\/www.castlepodsreda.com"]}]}},"_links":{"self":[{"href":"https:\/\/castlepodsreda.com\/hr\/wp-json\/wp\/v2\/posts\/36355"}],"collection":[{"href":"https:\/\/castlepodsreda.com\/hr\/wp-json\/wp\/v2\/posts"}],"about":[{"href":"https:\/\/castlepodsreda.com\/hr\/wp-json\/wp\/v2\/types\/post"}],"author":[{"embeddable":true,"href":"https:\/\/castlepodsreda.com\/hr\/wp-json\/wp\/v2\/users\/2"}],"replies":[{"embeddable":true,"href":"https:\/\/castlepodsreda.com\/hr\/wp-json\/wp\/v2\/comments?post=36355"}],"version-history":[{"count":2,"href":"https:\/\/castlepodsreda.com\/hr\/wp-json\/wp\/v2\/posts\/36355\/revisions"}],"predecessor-version":[{"id":36361,"href":"https:\/\/castlepodsreda.com\/hr\/wp-json\/wp\/v2\/posts\/36355\/revisions\/36361"}],"wp:featuredmedia":[{"embeddable":true,"href":"https:\/\/castlepodsreda.com\/hr\/wp-json\/wp\/v2\/media\/36364"}],"wp:attachment":[{"href":"https:\/\/castlepodsreda.com\/hr\/wp-json\/wp\/v2\/media?parent=36355"}],"wp:term":[{"taxonomy":"category","embeddable":true,"href":"https:\/\/castlepodsreda.com\/hr\/wp-json\/wp\/v2\/categories?post=36355"},{"taxonomy":"post_tag","embeddable":true,"href":"https:\/\/castlepodsreda.com\/hr\/wp-json\/wp\/v2\/tags?post=36355"}],"curies":[{"name":"wp","href":"https:\/\/api.w.org\/{rel}","templated":true}]}}