{"id":36573,"date":"2024-05-27T10:07:52","date_gmt":"2024-05-27T10:07:52","guid":{"rendered":"https:\/\/castlepodsreda.com\/?p=36573"},"modified":"2024-05-27T10:33:42","modified_gmt":"2024-05-27T10:33:42","slug":"slavljenje-mladenacke-kreativnosti-otvorenje-izlozbe-umjetnosti-u-dvorcu-podsreda","status":"publish","type":"post","link":"https:\/\/castlepodsreda.com\/hr\/slavljenje-mladenacke-kreativnosti-otvorenje-izlozbe-umjetnosti-u-dvorcu-podsreda\/","title":{"rendered":"SLAVLJENJE MLADENA\u010cKE KREATIVNOSTI: OTVORENJE IZLO\u017dBE UMJETNOSTI U DVORCU PODSREDA"},"content":{"rendered":"<p>[vc_row][vc_column][vc_column_text]<\/p>\n<h4>Otvorenje izlo\u017ebe &#8220;BUKET ZA \u0160PELCU \u010cOPI\u010c &#8211; likovno stvarala\u0161tvo djece iz Pi\u0161eca&#8221; u potkrovlju dvorca<\/h4>\n<p>[\/vc_column_text][vc_column_text]<strong>Ovog \u010detvrtka, 30. svibnja 2024. godine u 17:00 sati, srda\u010dno vas pozivamo u Dvorac Podsreda na otvorenje o\u010daravaju\u0107e izlo\u017ebe pod nazivom &#8220;Buket za \u0160pelcu \u010copi\u010d \u2013 likovno stvarala\u0161tvo djece iz Pi\u0161eca&#8221;.<\/strong>[\/vc_column_text][vc_column_text]Tavan dvorca transformirat \u0107e se u \u017eivopisnu galeriju koja \u0107e izlo\u017eiti umjetni\u010dke talente mladih u\u010denika iz vrti\u0107a Pi\u0161ece i osnovne \u0161kole Maks Pleter\u0161nik Pi\u0161ece. Ova posebna izlo\u017eba prikazat \u0107e kolekciju \u0161arenih umjetni\u010dkih djela koja obe\u0107avaju potaknuti ma\u0161tu i slaviti kreativni duh na\u0161ih najmla\u0111ih umjetnika.<\/p>\n<p>&nbsp;<\/p>\n<h4>Proslava umjetnosti i izvedbi<\/h4>\n<p>Otvorenje izlo\u017ebe obogatit \u0107e raznolikost izvedbi, uklju\u010duju\u0107i ples, pjevanje i lutkarske predstave, dodaju\u0107i dodatni sloj sve\u010danosti ve\u010deri. Ove izvedbe sigurno \u0107e o\u010darati posjetitelje svih dobnih skupina, \u010dine\u0107i to savr\u0161enim obiteljskim izletom.[\/vc_column_text][vc_column_text]<em><strong>S rado\u0161\u0107u vas pozivamo da nam se pridru\u017eite u ovoj kulturnoj proslavi na jednom od najpovijesnijih mjesta u Sloveniji. <\/strong><\/em><\/p>\n<p>Va\u0161a prisutnost ne\u0107e samo podr\u017eati mlade talente na\u0161e zajednice, ve\u0107 \u0107e i doprinijeti kontinuiranom cijenjenju umjetnosti i kulture u Dvorcu Podsreda.[\/vc_column_text][vc_column_text css=&#8221;.vc_custom_1716805853591{padding-top: 18px !important;padding-right: 18px !important;padding-bottom: 18px !important;padding-left: 18px !important;background-color: #dcc1dd !important;}&#8221;]<\/p>\n<h4 style=\"text-align: center;\">Posebna napomena:<\/h4>\n<h5 style=\"text-align: center;\">Izlo\u017eba je kurirana uz doprinos Teje Cvenk, poznate slikarice akvarela, \u010dija \u0107e djela tako\u0111er krasiti doga\u0111aj.<\/h5>\n<p style=\"text-align: center;\">Radujemo se va\u0161em dolasku na dvorac za ve\u010der umjetnosti, izvedbi i zajedni\u010dkog duha.<\/p>\n<p>[\/vc_column_text][\/vc_column][\/vc_row]<\/p>\n","protected":false},"excerpt":{"rendered":"<p>Ovog \u010detvrtka, 30. svibnja 2024., u 17:00 sati, srda\u010dno Vas pozivamo u dvorac Podsreda na otvorenje o\u010daravaju\u0107e likovne izlo\u017ebe pod nazivom \u201eBuket za \u0160pelcu \u010copi\u010d \u2013 Dje\u010dje likovno stvarala\u0161tvo iz Pi\u0161eca\u201c.<\/p>\n","protected":false},"author":2,"featured_media":36564,"comment_status":"open","ping_status":"open","sticky":false,"template":"","format":"standard","meta":[],"categories":[1047,806],"tags":[],"yoast_head":"<!-- This site is optimized with the Yoast SEO plugin v19.14 - https:\/\/yoast.com\/wordpress\/plugins\/seo\/ -->\n<title>SLAVLJENJE MLADENA\u010cKE KREATIVNOSTI: OTVORENJE IZLO\u017dBE UMJETNOSTI U DVORCU PODSREDA | Grad Podsreda | Sobe in apartmaji | Grajska ponudba<\/title>\n<meta name=\"description\" content=\"Ovog \u010detvrtka, 30. svibnja 2024., u 17:00 sati, srda\u010dno Vas pozivamo u dvorac Podsreda na otvorenje o\u010daravaju\u0107e likovne izlo\u017ebe pod nazivom \u201eBuket za \u0160pelcu \u010copi\u010d \u2013 Dje\u010dje likovno stvarala\u0161tvo iz Pi\u0161eca\u201c.\" \/>\n<meta name=\"robots\" content=\"index, follow, max-snippet:-1, max-image-preview:large, max-video-preview:-1\" \/>\n<link rel=\"canonical\" href=\"https:\/\/castlepodsreda.com\/hr\/slavljenje-mladenacke-kreativnosti-otvorenje-izlozbe-umjetnosti-u-dvorcu-podsreda\/\" \/>\n<meta property=\"og:locale\" content=\"hr_HR\" \/>\n<meta property=\"og:type\" content=\"article\" \/>\n<meta property=\"og:title\" content=\"SLAVLJENJE MLADENA\u010cKE KREATIVNOSTI: OTVORENJE IZLO\u017dBE UMJETNOSTI U DVORCU PODSREDA | Grad Podsreda | Sobe in apartmaji | Grajska ponudba\" \/>\n<meta property=\"og:description\" content=\"Ovog \u010detvrtka, 30. svibnja 2024., u 17:00 sati, srda\u010dno Vas pozivamo u dvorac Podsreda na otvorenje o\u010daravaju\u0107e likovne izlo\u017ebe pod nazivom \u201eBuket za \u0160pelcu \u010copi\u010d \u2013 Dje\u010dje likovno stvarala\u0161tvo iz Pi\u0161eca\u201c.\" \/>\n<meta property=\"og:url\" content=\"https:\/\/castlepodsreda.com\/hr\/slavljenje-mladenacke-kreativnosti-otvorenje-izlozbe-umjetnosti-u-dvorcu-podsreda\/\" \/>\n<meta property=\"og:site_name\" content=\"Grad Podsreda | Sobe in apartmaji | Grajska ponudba\" \/>\n<meta property=\"article:publisher\" content=\"https:\/\/www.facebook.com\/podsredacastle\" \/>\n<meta property=\"article:published_time\" content=\"2024-05-27T10:07:52+00:00\" \/>\n<meta property=\"article:modified_time\" content=\"2024-05-27T10:33:42+00:00\" \/>\n<meta property=\"og:image\" content=\"https:\/\/castlepodsreda.com\/wp-content\/uploads\/2024\/05\/Razstava-OS-Pisece-2024_COVER_DOGODKI-NA-GRADU_CASTLE-PODSREDA-EVENTS.jpg\" \/>\n\t<meta property=\"og:image:width\" content=\"465\" \/>\n\t<meta property=\"og:image:height\" content=\"420\" \/>\n\t<meta property=\"og:image:type\" content=\"image\/jpeg\" \/>\n<meta name=\"author\" content=\"Administrator\" \/>\n<meta name=\"twitter:card\" content=\"summary_large_image\" \/>\n<meta name=\"twitter:label1\" content=\"Napisao\/la\" \/>\n\t<meta name=\"twitter:data1\" content=\"Administrator\" \/>\n\t<meta name=\"twitter:label2\" content=\"Procijenjeno vrijeme \u010ditanja\" \/>\n\t<meta name=\"twitter:data2\" content=\"2 minute\" \/>\n<script type=\"application\/ld+json\" class=\"yoast-schema-graph\">{\"@context\":\"https:\/\/schema.org\",\"@graph\":[{\"@type\":\"Article\",\"@id\":\"https:\/\/castlepodsreda.com\/hr\/slavljenje-mladenacke-kreativnosti-otvorenje-izlozbe-umjetnosti-u-dvorcu-podsreda\/#article\",\"isPartOf\":{\"@id\":\"https:\/\/castlepodsreda.com\/hr\/slavljenje-mladenacke-kreativnosti-otvorenje-izlozbe-umjetnosti-u-dvorcu-podsreda\/\"},\"author\":{\"name\":\"Administrator\",\"@id\":\"https:\/\/castlepodsreda.com\/hr\/#\/schema\/person\/198d485f44bf3a58695a9e70049ea060\"},\"headline\":\"SLAVLJENJE MLADENA\u010cKE KREATIVNOSTI: OTVORENJE IZLO\u017dBE UMJETNOSTI U DVORCU PODSREDA\",\"datePublished\":\"2024-05-27T10:07:52+00:00\",\"dateModified\":\"2024-05-27T10:33:42+00:00\",\"mainEntityOfPage\":{\"@id\":\"https:\/\/castlepodsreda.com\/hr\/slavljenje-mladenacke-kreativnosti-otvorenje-izlozbe-umjetnosti-u-dvorcu-podsreda\/\"},\"wordCount\":304,\"commentCount\":0,\"publisher\":{\"@id\":\"https:\/\/castlepodsreda.com\/hr\/#organization\"},\"articleSection\":[\"NOVOSTI\",\"Uncategorized @hr\"],\"inLanguage\":\"hr\",\"potentialAction\":[{\"@type\":\"CommentAction\",\"name\":\"Comment\",\"target\":[\"https:\/\/castlepodsreda.com\/hr\/slavljenje-mladenacke-kreativnosti-otvorenje-izlozbe-umjetnosti-u-dvorcu-podsreda\/#respond\"]}]},{\"@type\":\"WebPage\",\"@id\":\"https:\/\/castlepodsreda.com\/hr\/slavljenje-mladenacke-kreativnosti-otvorenje-izlozbe-umjetnosti-u-dvorcu-podsreda\/\",\"url\":\"https:\/\/castlepodsreda.com\/hr\/slavljenje-mladenacke-kreativnosti-otvorenje-izlozbe-umjetnosti-u-dvorcu-podsreda\/\",\"name\":\"SLAVLJENJE MLADENA\u010cKE KREATIVNOSTI: OTVORENJE IZLO\u017dBE UMJETNOSTI U DVORCU PODSREDA | Grad Podsreda | Sobe in apartmaji | Grajska ponudba\",\"isPartOf\":{\"@id\":\"https:\/\/castlepodsreda.com\/hr\/#website\"},\"datePublished\":\"2024-05-27T10:07:52+00:00\",\"dateModified\":\"2024-05-27T10:33:42+00:00\",\"description\":\"Ovog \u010detvrtka, 30. svibnja 2024., u 17:00 sati, srda\u010dno Vas pozivamo u dvorac Podsreda na otvorenje o\u010daravaju\u0107e likovne izlo\u017ebe pod nazivom \u201eBuket za \u0160pelcu \u010copi\u010d \u2013 Dje\u010dje likovno stvarala\u0161tvo iz Pi\u0161eca\u201c.\",\"breadcrumb\":{\"@id\":\"https:\/\/castlepodsreda.com\/hr\/slavljenje-mladenacke-kreativnosti-otvorenje-izlozbe-umjetnosti-u-dvorcu-podsreda\/#breadcrumb\"},\"inLanguage\":\"hr\",\"potentialAction\":[{\"@type\":\"ReadAction\",\"target\":[\"https:\/\/castlepodsreda.com\/hr\/slavljenje-mladenacke-kreativnosti-otvorenje-izlozbe-umjetnosti-u-dvorcu-podsreda\/\"]}]},{\"@type\":\"BreadcrumbList\",\"@id\":\"https:\/\/castlepodsreda.com\/hr\/slavljenje-mladenacke-kreativnosti-otvorenje-izlozbe-umjetnosti-u-dvorcu-podsreda\/#breadcrumb\",\"itemListElement\":[{\"@type\":\"ListItem\",\"position\":1,\"name\":\"Home\",\"item\":\"https:\/\/castlepodsreda.com\/hr\/\"},{\"@type\":\"ListItem\",\"position\":2,\"name\":\"SLAVLJENJE MLADENA\u010cKE KREATIVNOSTI: OTVORENJE IZLO\u017dBE UMJETNOSTI U DVORCU PODSREDA\"}]},{\"@type\":\"WebSite\",\"@id\":\"https:\/\/castlepodsreda.com\/hr\/#website\",\"url\":\"https:\/\/castlepodsreda.com\/hr\/\",\"name\":\"Grad Podsreda | Sobe in apartmaji | Grajska ponudba\",\"description\":\"Najbolj grajski med gradovi v Sloveniji\",\"publisher\":{\"@id\":\"https:\/\/castlepodsreda.com\/hr\/#organization\"},\"potentialAction\":[{\"@type\":\"SearchAction\",\"target\":{\"@type\":\"EntryPoint\",\"urlTemplate\":\"https:\/\/castlepodsreda.com\/hr\/?s={search_term_string}\"},\"query-input\":\"required name=search_term_string\"}],\"inLanguage\":\"hr\"},{\"@type\":\"Organization\",\"@id\":\"https:\/\/castlepodsreda.com\/hr\/#organization\",\"name\":\"Grad Podsreda | Sobe in apartmaji | Grajska ponudba\",\"url\":\"https:\/\/castlepodsreda.com\/hr\/\",\"logo\":{\"@type\":\"ImageObject\",\"inLanguage\":\"hr\",\"@id\":\"https:\/\/castlepodsreda.com\/hr\/#\/schema\/logo\/image\/\",\"url\":\"https:\/\/castlepodsreda.com\/wp-content\/uploads\/2020\/04\/logo-grad-podsreda-2.jpg\",\"contentUrl\":\"https:\/\/castlepodsreda.com\/wp-content\/uploads\/2020\/04\/logo-grad-podsreda-2.jpg\",\"width\":576,\"height\":576,\"caption\":\"Grad Podsreda | Sobe in apartmaji | Grajska ponudba\"},\"image\":{\"@id\":\"https:\/\/castlepodsreda.com\/hr\/#\/schema\/logo\/image\/\"},\"sameAs\":[\"https:\/\/www.instagram.com\/podsredacastle\/\",\"https:\/\/www.facebook.com\/podsredacastle\"]},{\"@type\":\"Person\",\"@id\":\"https:\/\/castlepodsreda.com\/hr\/#\/schema\/person\/198d485f44bf3a58695a9e70049ea060\",\"name\":\"Administrator\",\"image\":{\"@type\":\"ImageObject\",\"inLanguage\":\"hr\",\"@id\":\"https:\/\/castlepodsreda.com\/hr\/#\/schema\/person\/image\/\",\"url\":\"https:\/\/secure.gravatar.com\/avatar\/1d9d2804165559256920cd8e4ed784aa?s=96&d=mm&r=g\",\"contentUrl\":\"https:\/\/secure.gravatar.com\/avatar\/1d9d2804165559256920cd8e4ed784aa?s=96&d=mm&r=g\",\"caption\":\"Administrator\"},\"sameAs\":[\"https:\/\/www.castlepodsreda.com\"]}]}<\/script>\n<!-- \/ Yoast SEO plugin. -->","yoast_head_json":{"title":"SLAVLJENJE MLADENA\u010cKE KREATIVNOSTI: OTVORENJE IZLO\u017dBE UMJETNOSTI U DVORCU PODSREDA | Grad Podsreda | Sobe in apartmaji | Grajska ponudba","description":"Ovog \u010detvrtka, 30. svibnja 2024., u 17:00 sati, srda\u010dno Vas pozivamo u dvorac Podsreda na otvorenje o\u010daravaju\u0107e likovne izlo\u017ebe pod nazivom \u201eBuket za \u0160pelcu \u010copi\u010d \u2013 Dje\u010dje likovno stvarala\u0161tvo iz Pi\u0161eca\u201c.","robots":{"index":"index","follow":"follow","max-snippet":"max-snippet:-1","max-image-preview":"max-image-preview:large","max-video-preview":"max-video-preview:-1"},"canonical":"https:\/\/castlepodsreda.com\/hr\/slavljenje-mladenacke-kreativnosti-otvorenje-izlozbe-umjetnosti-u-dvorcu-podsreda\/","og_locale":"hr_HR","og_type":"article","og_title":"SLAVLJENJE MLADENA\u010cKE KREATIVNOSTI: OTVORENJE IZLO\u017dBE UMJETNOSTI U DVORCU PODSREDA | Grad Podsreda | Sobe in apartmaji | Grajska ponudba","og_description":"Ovog \u010detvrtka, 30. svibnja 2024., u 17:00 sati, srda\u010dno Vas pozivamo u dvorac Podsreda na otvorenje o\u010daravaju\u0107e likovne izlo\u017ebe pod nazivom \u201eBuket za \u0160pelcu \u010copi\u010d \u2013 Dje\u010dje likovno stvarala\u0161tvo iz Pi\u0161eca\u201c.","og_url":"https:\/\/castlepodsreda.com\/hr\/slavljenje-mladenacke-kreativnosti-otvorenje-izlozbe-umjetnosti-u-dvorcu-podsreda\/","og_site_name":"Grad Podsreda | Sobe in apartmaji | Grajska ponudba","article_publisher":"https:\/\/www.facebook.com\/podsredacastle","article_published_time":"2024-05-27T10:07:52+00:00","article_modified_time":"2024-05-27T10:33:42+00:00","og_image":[{"width":465,"height":420,"url":"https:\/\/castlepodsreda.com\/wp-content\/uploads\/2024\/05\/Razstava-OS-Pisece-2024_COVER_DOGODKI-NA-GRADU_CASTLE-PODSREDA-EVENTS.jpg","type":"image\/jpeg"}],"author":"Administrator","twitter_card":"summary_large_image","twitter_misc":{"Napisao\/la":"Administrator","Procijenjeno vrijeme \u010ditanja":"2 minute"},"schema":{"@context":"https:\/\/schema.org","@graph":[{"@type":"Article","@id":"https:\/\/castlepodsreda.com\/hr\/slavljenje-mladenacke-kreativnosti-otvorenje-izlozbe-umjetnosti-u-dvorcu-podsreda\/#article","isPartOf":{"@id":"https:\/\/castlepodsreda.com\/hr\/slavljenje-mladenacke-kreativnosti-otvorenje-izlozbe-umjetnosti-u-dvorcu-podsreda\/"},"author":{"name":"Administrator","@id":"https:\/\/castlepodsreda.com\/hr\/#\/schema\/person\/198d485f44bf3a58695a9e70049ea060"},"headline":"SLAVLJENJE MLADENA\u010cKE KREATIVNOSTI: OTVORENJE IZLO\u017dBE UMJETNOSTI U DVORCU PODSREDA","datePublished":"2024-05-27T10:07:52+00:00","dateModified":"2024-05-27T10:33:42+00:00","mainEntityOfPage":{"@id":"https:\/\/castlepodsreda.com\/hr\/slavljenje-mladenacke-kreativnosti-otvorenje-izlozbe-umjetnosti-u-dvorcu-podsreda\/"},"wordCount":304,"commentCount":0,"publisher":{"@id":"https:\/\/castlepodsreda.com\/hr\/#organization"},"articleSection":["NOVOSTI","Uncategorized @hr"],"inLanguage":"hr","potentialAction":[{"@type":"CommentAction","name":"Comment","target":["https:\/\/castlepodsreda.com\/hr\/slavljenje-mladenacke-kreativnosti-otvorenje-izlozbe-umjetnosti-u-dvorcu-podsreda\/#respond"]}]},{"@type":"WebPage","@id":"https:\/\/castlepodsreda.com\/hr\/slavljenje-mladenacke-kreativnosti-otvorenje-izlozbe-umjetnosti-u-dvorcu-podsreda\/","url":"https:\/\/castlepodsreda.com\/hr\/slavljenje-mladenacke-kreativnosti-otvorenje-izlozbe-umjetnosti-u-dvorcu-podsreda\/","name":"SLAVLJENJE MLADENA\u010cKE KREATIVNOSTI: OTVORENJE IZLO\u017dBE UMJETNOSTI U DVORCU PODSREDA | Grad Podsreda | Sobe in apartmaji | Grajska ponudba","isPartOf":{"@id":"https:\/\/castlepodsreda.com\/hr\/#website"},"datePublished":"2024-05-27T10:07:52+00:00","dateModified":"2024-05-27T10:33:42+00:00","description":"Ovog \u010detvrtka, 30. svibnja 2024., u 17:00 sati, srda\u010dno Vas pozivamo u dvorac Podsreda na otvorenje o\u010daravaju\u0107e likovne izlo\u017ebe pod nazivom \u201eBuket za \u0160pelcu \u010copi\u010d \u2013 Dje\u010dje likovno stvarala\u0161tvo iz Pi\u0161eca\u201c.","breadcrumb":{"@id":"https:\/\/castlepodsreda.com\/hr\/slavljenje-mladenacke-kreativnosti-otvorenje-izlozbe-umjetnosti-u-dvorcu-podsreda\/#breadcrumb"},"inLanguage":"hr","potentialAction":[{"@type":"ReadAction","target":["https:\/\/castlepodsreda.com\/hr\/slavljenje-mladenacke-kreativnosti-otvorenje-izlozbe-umjetnosti-u-dvorcu-podsreda\/"]}]},{"@type":"BreadcrumbList","@id":"https:\/\/castlepodsreda.com\/hr\/slavljenje-mladenacke-kreativnosti-otvorenje-izlozbe-umjetnosti-u-dvorcu-podsreda\/#breadcrumb","itemListElement":[{"@type":"ListItem","position":1,"name":"Home","item":"https:\/\/castlepodsreda.com\/hr\/"},{"@type":"ListItem","position":2,"name":"SLAVLJENJE MLADENA\u010cKE KREATIVNOSTI: OTVORENJE IZLO\u017dBE UMJETNOSTI U DVORCU PODSREDA"}]},{"@type":"WebSite","@id":"https:\/\/castlepodsreda.com\/hr\/#website","url":"https:\/\/castlepodsreda.com\/hr\/","name":"Grad Podsreda | Sobe in apartmaji | Grajska ponudba","description":"Najbolj grajski med gradovi v Sloveniji","publisher":{"@id":"https:\/\/castlepodsreda.com\/hr\/#organization"},"potentialAction":[{"@type":"SearchAction","target":{"@type":"EntryPoint","urlTemplate":"https:\/\/castlepodsreda.com\/hr\/?s={search_term_string}"},"query-input":"required name=search_term_string"}],"inLanguage":"hr"},{"@type":"Organization","@id":"https:\/\/castlepodsreda.com\/hr\/#organization","name":"Grad Podsreda | Sobe in apartmaji | Grajska ponudba","url":"https:\/\/castlepodsreda.com\/hr\/","logo":{"@type":"ImageObject","inLanguage":"hr","@id":"https:\/\/castlepodsreda.com\/hr\/#\/schema\/logo\/image\/","url":"https:\/\/castlepodsreda.com\/wp-content\/uploads\/2020\/04\/logo-grad-podsreda-2.jpg","contentUrl":"https:\/\/castlepodsreda.com\/wp-content\/uploads\/2020\/04\/logo-grad-podsreda-2.jpg","width":576,"height":576,"caption":"Grad Podsreda | Sobe in apartmaji | Grajska ponudba"},"image":{"@id":"https:\/\/castlepodsreda.com\/hr\/#\/schema\/logo\/image\/"},"sameAs":["https:\/\/www.instagram.com\/podsredacastle\/","https:\/\/www.facebook.com\/podsredacastle"]},{"@type":"Person","@id":"https:\/\/castlepodsreda.com\/hr\/#\/schema\/person\/198d485f44bf3a58695a9e70049ea060","name":"Administrator","image":{"@type":"ImageObject","inLanguage":"hr","@id":"https:\/\/castlepodsreda.com\/hr\/#\/schema\/person\/image\/","url":"https:\/\/secure.gravatar.com\/avatar\/1d9d2804165559256920cd8e4ed784aa?s=96&d=mm&r=g","contentUrl":"https:\/\/secure.gravatar.com\/avatar\/1d9d2804165559256920cd8e4ed784aa?s=96&d=mm&r=g","caption":"Administrator"},"sameAs":["https:\/\/www.castlepodsreda.com"]}]}},"_links":{"self":[{"href":"https:\/\/castlepodsreda.com\/hr\/wp-json\/wp\/v2\/posts\/36573"}],"collection":[{"href":"https:\/\/castlepodsreda.com\/hr\/wp-json\/wp\/v2\/posts"}],"about":[{"href":"https:\/\/castlepodsreda.com\/hr\/wp-json\/wp\/v2\/types\/post"}],"author":[{"embeddable":true,"href":"https:\/\/castlepodsreda.com\/hr\/wp-json\/wp\/v2\/users\/2"}],"replies":[{"embeddable":true,"href":"https:\/\/castlepodsreda.com\/hr\/wp-json\/wp\/v2\/comments?post=36573"}],"version-history":[{"count":5,"href":"https:\/\/castlepodsreda.com\/hr\/wp-json\/wp\/v2\/posts\/36573\/revisions"}],"predecessor-version":[{"id":36579,"href":"https:\/\/castlepodsreda.com\/hr\/wp-json\/wp\/v2\/posts\/36573\/revisions\/36579"}],"wp:featuredmedia":[{"embeddable":true,"href":"https:\/\/castlepodsreda.com\/hr\/wp-json\/wp\/v2\/media\/36564"}],"wp:attachment":[{"href":"https:\/\/castlepodsreda.com\/hr\/wp-json\/wp\/v2\/media?parent=36573"}],"wp:term":[{"taxonomy":"category","embeddable":true,"href":"https:\/\/castlepodsreda.com\/hr\/wp-json\/wp\/v2\/categories?post=36573"},{"taxonomy":"post_tag","embeddable":true,"href":"https:\/\/castlepodsreda.com\/hr\/wp-json\/wp\/v2\/tags?post=36573"}],"curies":[{"name":"wp","href":"https:\/\/api.w.org\/{rel}","templated":true}]}}