{"id":36676,"date":"2024-06-10T12:01:34","date_gmt":"2024-06-10T12:01:34","guid":{"rendered":"https:\/\/castlepodsreda.com\/?p=36676"},"modified":"2024-06-18T11:23:28","modified_gmt":"2024-06-18T11:23:28","slug":"ljetna-muzejska-noc-na-dvorcu-podsreda","status":"publish","type":"post","link":"https:\/\/castlepodsreda.com\/hr\/ljetna-muzejska-noc-na-dvorcu-podsreda\/","title":{"rendered":"LJETNA MUZEJSKA NO\u0106 NA DVORCU PODSREDA"},"content":{"rendered":"<p>[vc_row][vc_column][vc_column_text]<\/p>\n<h4><strong>Dragi ljubitelji muzeja i galerija, proslavite LJETNU MUZEJSKU NO\u0106 na Dvorcu Podsreda!<\/strong><\/h4>\n<p>[\/vc_column_text][vc_column_text css=&#8221;.vc_custom_1718022885894{padding-top: 18px !important;padding-right: 18px !important;padding-bottom: 18px !important;padding-left: 18px !important;background-color: #6e98bf !important;}&#8221;]<strong>U subotu, 15. lipnja 2024., pridru\u017eite nam se na posebnoj ve\u010deri na Dvorcu Podsreda, gdje \u0107emo slaviti Ljetnu muzejsku no\u0107 od 18 sati do pono\u0107i. Ulaz je BESPLATAN, pru\u017eaju\u0107i svima jedinstvenu priliku za besplatno istra\u017eivanje prostorija dvorca i brojnih izlo\u017ebi.<\/strong>[\/vc_column_text][cms_button button_text=&#8221;VABILO &#8211; NO\u010c NA GRADU&#8221; button_link=&#8221;url:https%3A%2F%2Fkozjanski-park.si%2Fwp-content%2Fuploads%2F2023%2F06%2FPoletna-muzejska-no%25C4%258D-2024.pdf|||&#8221; font_weight=&#8221;400&#8243; button_align=&#8221;center&#8221; button_align_md=&#8221;center&#8221; button_align_sm=&#8221;center&#8221; button_align_xs=&#8221;center&#8221;][cms_space space_lg=&#8221;40&#8243; space_md=&#8221;30&#8243; space_sm=&#8221;20&#8243; space_xs=&#8221;10&#8243;][vc_column_text]<strong>Tijekom ove o\u010daravaju\u0107e ve\u010deri, posjetitelji se mogu pro\u0161etati povijesnim hodnicima i otkriti mnoge atrakcije jednog od najbolje o\u010duvanih srednjovjekovnih dvoraca u Sloveniji.<\/strong><\/p>\n<p>Za one koji tra\u017ee malo avanture, <strong>obiteljska pustolovina &#8220;Lov na blago&#8221; bit \u0107e dostupna po promotivnoj cijeni<\/strong>, dodaju\u0107i uzbudljiv preokret va\u0161em istra\u017eivanju dvorca za posjetitelje svih uzrasta.<\/p>\n<p><strong>Vrhunac ve\u010deri bit \u0107e koncert u 19 sati, na kojem \u0107e nastupiti talentirana mlada vokalistica Nina \u0160ulc i njezini posebni gosti.<\/strong> Ovaj nastup ozna\u010dava vrhunac Nininog studija pod mentorstvom profesorice Mihaele Komo\u010dar Gor\u0161e.<\/p>\n<p>Srda\u010dno vas pozivamo da provedete ovu \u010darobnu ve\u010der s nama, uronite u kulturu i povijest te u\u017eivate u \u017eivahnim nastupima koji o\u017eivljavaju na\u0161 dvorac. To je savr\u0161en izlet za ljubitelje umjetnosti, obitelji i zaljubljenike u povijest.<\/p>\n<p><strong><em>Pridru\u017eite nam se na nezaboravnoj no\u0107i na Dvorcu Podsreda!<\/em><\/strong>[\/vc_column_text][cms_button button_text=&#8221;PROGRAM POLETNE MUZEJSKE NO\u010cI 2024&#8243; button_link=&#8221;url:http%3A%2F%2Fprogram%20leto%C5%A1nje%20Poletne%20muzejske%20no%C4%8Di|||&#8221; font_weight=&#8221;400&#8243; button_align=&#8221;center&#8221; button_align_md=&#8221;center&#8221; button_align_sm=&#8221;center&#8221; button_align_xs=&#8221;center&#8221;][\/vc_column][\/vc_row]<\/p>\n","protected":false},"excerpt":{"rendered":"<p>U subotu, 15. lipnja 2024., pridru\u017eite nam se na posebnoj ve\u010deri na Dvorcu Podsreda, gdje \u0107emo od 18 do 24 sata slaviti Ljetnu muzejsku no\u0107. Ulaz je BESPLATAN, \u0161to svima omogu\u0107uje jedinstvenu priliku za besplatno istra\u017eivanje dvoranskih soba i brojnih izlo\u017ebi. Vrhunac ve\u010deri bit \u0107e koncert u 19 sati, na kojem \u0107e nastupiti talentirana mlada vokalistica Nina \u0160ulc s gostima.<\/p>\n","protected":false},"author":2,"featured_media":36666,"comment_status":"open","ping_status":"open","sticky":false,"template":"","format":"standard","meta":[],"categories":[1777,1047],"tags":[],"yoast_head":"<!-- This site is optimized with the Yoast SEO plugin v19.14 - https:\/\/yoast.com\/wordpress\/plugins\/seo\/ -->\n<title>LJETNA MUZEJSKA NO\u0106 NA DVORCU PODSREDA | Grad Podsreda | Sobe in apartmaji | Grajska ponudba<\/title>\n<meta name=\"description\" content=\"U subotu, 15. lipnja 2024., pridru\u017eite nam se na posebnoj ve\u010deri na Dvorcu Podsreda, gdje \u0107emo od 18 do 24 sata slaviti Ljetnu muzejsku no\u0107. Ulaz je BESPLATAN, \u0161to svima omogu\u0107uje jedinstvenu priliku za besplatno istra\u017eivanje dvoranskih soba i brojnih izlo\u017ebi. Vrhunac ve\u010deri bit \u0107e koncert u 19 sati, na kojem \u0107e nastupiti talentirana mlada vokalistica Nina \u0160ulc s gostima.\" \/>\n<meta name=\"robots\" content=\"index, follow, max-snippet:-1, max-image-preview:large, max-video-preview:-1\" \/>\n<link rel=\"canonical\" href=\"https:\/\/castlepodsreda.com\/hr\/ljetna-muzejska-noc-na-dvorcu-podsreda\/\" \/>\n<meta property=\"og:locale\" content=\"hr_HR\" \/>\n<meta property=\"og:type\" content=\"article\" \/>\n<meta property=\"og:title\" content=\"LJETNA MUZEJSKA NO\u0106 NA DVORCU PODSREDA | Grad Podsreda | Sobe in apartmaji | Grajska ponudba\" \/>\n<meta property=\"og:description\" content=\"U subotu, 15. lipnja 2024., pridru\u017eite nam se na posebnoj ve\u010deri na Dvorcu Podsreda, gdje \u0107emo od 18 do 24 sata slaviti Ljetnu muzejsku no\u0107. Ulaz je BESPLATAN, \u0161to svima omogu\u0107uje jedinstvenu priliku za besplatno istra\u017eivanje dvoranskih soba i brojnih izlo\u017ebi. Vrhunac ve\u010deri bit \u0107e koncert u 19 sati, na kojem \u0107e nastupiti talentirana mlada vokalistica Nina \u0160ulc s gostima.\" \/>\n<meta property=\"og:url\" content=\"https:\/\/castlepodsreda.com\/hr\/ljetna-muzejska-noc-na-dvorcu-podsreda\/\" \/>\n<meta property=\"og:site_name\" content=\"Grad Podsreda | Sobe in apartmaji | Grajska ponudba\" \/>\n<meta property=\"article:publisher\" content=\"https:\/\/www.facebook.com\/podsredacastle\" \/>\n<meta property=\"article:published_time\" content=\"2024-06-10T12:01:34+00:00\" \/>\n<meta property=\"article:modified_time\" content=\"2024-06-18T11:23:28+00:00\" \/>\n<meta property=\"og:image\" content=\"https:\/\/castlepodsreda.com\/wp-content\/uploads\/2024\/06\/NASLOVNA-ZA-DOGODEK_POLETNA-MUZEJSKA-NOC-465-x-420-pik.jpg\" \/>\n\t<meta property=\"og:image:width\" content=\"465\" \/>\n\t<meta property=\"og:image:height\" content=\"420\" \/>\n\t<meta property=\"og:image:type\" content=\"image\/jpeg\" \/>\n<meta name=\"author\" content=\"Administrator\" \/>\n<meta name=\"twitter:card\" content=\"summary_large_image\" \/>\n<meta name=\"twitter:label1\" content=\"Napisao\/la\" \/>\n\t<meta name=\"twitter:data1\" content=\"Administrator\" \/>\n\t<meta name=\"twitter:label2\" content=\"Procijenjeno vrijeme \u010ditanja\" \/>\n\t<meta name=\"twitter:data2\" content=\"2 minute\" \/>\n<script type=\"application\/ld+json\" class=\"yoast-schema-graph\">{\"@context\":\"https:\/\/schema.org\",\"@graph\":[{\"@type\":\"Article\",\"@id\":\"https:\/\/castlepodsreda.com\/hr\/ljetna-muzejska-noc-na-dvorcu-podsreda\/#article\",\"isPartOf\":{\"@id\":\"https:\/\/castlepodsreda.com\/hr\/ljetna-muzejska-noc-na-dvorcu-podsreda\/\"},\"author\":{\"name\":\"Administrator\",\"@id\":\"https:\/\/castlepodsreda.com\/hr\/#\/schema\/person\/198d485f44bf3a58695a9e70049ea060\"},\"headline\":\"LJETNA MUZEJSKA NO\u0106 NA DVORCU PODSREDA\",\"datePublished\":\"2024-06-10T12:01:34+00:00\",\"dateModified\":\"2024-06-18T11:23:28+00:00\",\"mainEntityOfPage\":{\"@id\":\"https:\/\/castlepodsreda.com\/hr\/ljetna-muzejska-noc-na-dvorcu-podsreda\/\"},\"wordCount\":347,\"commentCount\":0,\"publisher\":{\"@id\":\"https:\/\/castlepodsreda.com\/hr\/#organization\"},\"articleSection\":[\"DOGA\u0110AJI\",\"NOVOSTI\"],\"inLanguage\":\"hr\",\"potentialAction\":[{\"@type\":\"CommentAction\",\"name\":\"Comment\",\"target\":[\"https:\/\/castlepodsreda.com\/hr\/ljetna-muzejska-noc-na-dvorcu-podsreda\/#respond\"]}]},{\"@type\":\"WebPage\",\"@id\":\"https:\/\/castlepodsreda.com\/hr\/ljetna-muzejska-noc-na-dvorcu-podsreda\/\",\"url\":\"https:\/\/castlepodsreda.com\/hr\/ljetna-muzejska-noc-na-dvorcu-podsreda\/\",\"name\":\"LJETNA MUZEJSKA NO\u0106 NA DVORCU PODSREDA | Grad Podsreda | Sobe in apartmaji | Grajska ponudba\",\"isPartOf\":{\"@id\":\"https:\/\/castlepodsreda.com\/hr\/#website\"},\"datePublished\":\"2024-06-10T12:01:34+00:00\",\"dateModified\":\"2024-06-18T11:23:28+00:00\",\"description\":\"U subotu, 15. lipnja 2024., pridru\u017eite nam se na posebnoj ve\u010deri na Dvorcu Podsreda, gdje \u0107emo od 18 do 24 sata slaviti Ljetnu muzejsku no\u0107. Ulaz je BESPLATAN, \u0161to svima omogu\u0107uje jedinstvenu priliku za besplatno istra\u017eivanje dvoranskih soba i brojnih izlo\u017ebi. Vrhunac ve\u010deri bit \u0107e koncert u 19 sati, na kojem \u0107e nastupiti talentirana mlada vokalistica Nina \u0160ulc s gostima.\",\"breadcrumb\":{\"@id\":\"https:\/\/castlepodsreda.com\/hr\/ljetna-muzejska-noc-na-dvorcu-podsreda\/#breadcrumb\"},\"inLanguage\":\"hr\",\"potentialAction\":[{\"@type\":\"ReadAction\",\"target\":[\"https:\/\/castlepodsreda.com\/hr\/ljetna-muzejska-noc-na-dvorcu-podsreda\/\"]}]},{\"@type\":\"BreadcrumbList\",\"@id\":\"https:\/\/castlepodsreda.com\/hr\/ljetna-muzejska-noc-na-dvorcu-podsreda\/#breadcrumb\",\"itemListElement\":[{\"@type\":\"ListItem\",\"position\":1,\"name\":\"Home\",\"item\":\"https:\/\/castlepodsreda.com\/hr\/\"},{\"@type\":\"ListItem\",\"position\":2,\"name\":\"LJETNA MUZEJSKA NO\u0106 NA DVORCU PODSREDA\"}]},{\"@type\":\"WebSite\",\"@id\":\"https:\/\/castlepodsreda.com\/hr\/#website\",\"url\":\"https:\/\/castlepodsreda.com\/hr\/\",\"name\":\"Grad Podsreda | Sobe in apartmaji | Grajska ponudba\",\"description\":\"Najbolj grajski med gradovi v Sloveniji\",\"publisher\":{\"@id\":\"https:\/\/castlepodsreda.com\/hr\/#organization\"},\"potentialAction\":[{\"@type\":\"SearchAction\",\"target\":{\"@type\":\"EntryPoint\",\"urlTemplate\":\"https:\/\/castlepodsreda.com\/hr\/?s={search_term_string}\"},\"query-input\":\"required name=search_term_string\"}],\"inLanguage\":\"hr\"},{\"@type\":\"Organization\",\"@id\":\"https:\/\/castlepodsreda.com\/hr\/#organization\",\"name\":\"Grad Podsreda | Sobe in apartmaji | Grajska ponudba\",\"url\":\"https:\/\/castlepodsreda.com\/hr\/\",\"logo\":{\"@type\":\"ImageObject\",\"inLanguage\":\"hr\",\"@id\":\"https:\/\/castlepodsreda.com\/hr\/#\/schema\/logo\/image\/\",\"url\":\"https:\/\/castlepodsreda.com\/wp-content\/uploads\/2020\/04\/logo-grad-podsreda-2.jpg\",\"contentUrl\":\"https:\/\/castlepodsreda.com\/wp-content\/uploads\/2020\/04\/logo-grad-podsreda-2.jpg\",\"width\":576,\"height\":576,\"caption\":\"Grad Podsreda | Sobe in apartmaji | Grajska ponudba\"},\"image\":{\"@id\":\"https:\/\/castlepodsreda.com\/hr\/#\/schema\/logo\/image\/\"},\"sameAs\":[\"https:\/\/www.instagram.com\/podsredacastle\/\",\"https:\/\/www.facebook.com\/podsredacastle\"]},{\"@type\":\"Person\",\"@id\":\"https:\/\/castlepodsreda.com\/hr\/#\/schema\/person\/198d485f44bf3a58695a9e70049ea060\",\"name\":\"Administrator\",\"image\":{\"@type\":\"ImageObject\",\"inLanguage\":\"hr\",\"@id\":\"https:\/\/castlepodsreda.com\/hr\/#\/schema\/person\/image\/\",\"url\":\"https:\/\/secure.gravatar.com\/avatar\/1d9d2804165559256920cd8e4ed784aa?s=96&d=mm&r=g\",\"contentUrl\":\"https:\/\/secure.gravatar.com\/avatar\/1d9d2804165559256920cd8e4ed784aa?s=96&d=mm&r=g\",\"caption\":\"Administrator\"},\"sameAs\":[\"https:\/\/www.castlepodsreda.com\"]}]}<\/script>\n<!-- \/ Yoast SEO plugin. -->","yoast_head_json":{"title":"LJETNA MUZEJSKA NO\u0106 NA DVORCU PODSREDA | Grad Podsreda | Sobe in apartmaji | Grajska ponudba","description":"U subotu, 15. lipnja 2024., pridru\u017eite nam se na posebnoj ve\u010deri na Dvorcu Podsreda, gdje \u0107emo od 18 do 24 sata slaviti Ljetnu muzejsku no\u0107. Ulaz je BESPLATAN, \u0161to svima omogu\u0107uje jedinstvenu priliku za besplatno istra\u017eivanje dvoranskih soba i brojnih izlo\u017ebi. Vrhunac ve\u010deri bit \u0107e koncert u 19 sati, na kojem \u0107e nastupiti talentirana mlada vokalistica Nina \u0160ulc s gostima.","robots":{"index":"index","follow":"follow","max-snippet":"max-snippet:-1","max-image-preview":"max-image-preview:large","max-video-preview":"max-video-preview:-1"},"canonical":"https:\/\/castlepodsreda.com\/hr\/ljetna-muzejska-noc-na-dvorcu-podsreda\/","og_locale":"hr_HR","og_type":"article","og_title":"LJETNA MUZEJSKA NO\u0106 NA DVORCU PODSREDA | Grad Podsreda | Sobe in apartmaji | Grajska ponudba","og_description":"U subotu, 15. lipnja 2024., pridru\u017eite nam se na posebnoj ve\u010deri na Dvorcu Podsreda, gdje \u0107emo od 18 do 24 sata slaviti Ljetnu muzejsku no\u0107. Ulaz je BESPLATAN, \u0161to svima omogu\u0107uje jedinstvenu priliku za besplatno istra\u017eivanje dvoranskih soba i brojnih izlo\u017ebi. Vrhunac ve\u010deri bit \u0107e koncert u 19 sati, na kojem \u0107e nastupiti talentirana mlada vokalistica Nina \u0160ulc s gostima.","og_url":"https:\/\/castlepodsreda.com\/hr\/ljetna-muzejska-noc-na-dvorcu-podsreda\/","og_site_name":"Grad Podsreda | Sobe in apartmaji | Grajska ponudba","article_publisher":"https:\/\/www.facebook.com\/podsredacastle","article_published_time":"2024-06-10T12:01:34+00:00","article_modified_time":"2024-06-18T11:23:28+00:00","og_image":[{"width":465,"height":420,"url":"https:\/\/castlepodsreda.com\/wp-content\/uploads\/2024\/06\/NASLOVNA-ZA-DOGODEK_POLETNA-MUZEJSKA-NOC-465-x-420-pik.jpg","type":"image\/jpeg"}],"author":"Administrator","twitter_card":"summary_large_image","twitter_misc":{"Napisao\/la":"Administrator","Procijenjeno vrijeme \u010ditanja":"2 minute"},"schema":{"@context":"https:\/\/schema.org","@graph":[{"@type":"Article","@id":"https:\/\/castlepodsreda.com\/hr\/ljetna-muzejska-noc-na-dvorcu-podsreda\/#article","isPartOf":{"@id":"https:\/\/castlepodsreda.com\/hr\/ljetna-muzejska-noc-na-dvorcu-podsreda\/"},"author":{"name":"Administrator","@id":"https:\/\/castlepodsreda.com\/hr\/#\/schema\/person\/198d485f44bf3a58695a9e70049ea060"},"headline":"LJETNA MUZEJSKA NO\u0106 NA DVORCU PODSREDA","datePublished":"2024-06-10T12:01:34+00:00","dateModified":"2024-06-18T11:23:28+00:00","mainEntityOfPage":{"@id":"https:\/\/castlepodsreda.com\/hr\/ljetna-muzejska-noc-na-dvorcu-podsreda\/"},"wordCount":347,"commentCount":0,"publisher":{"@id":"https:\/\/castlepodsreda.com\/hr\/#organization"},"articleSection":["DOGA\u0110AJI","NOVOSTI"],"inLanguage":"hr","potentialAction":[{"@type":"CommentAction","name":"Comment","target":["https:\/\/castlepodsreda.com\/hr\/ljetna-muzejska-noc-na-dvorcu-podsreda\/#respond"]}]},{"@type":"WebPage","@id":"https:\/\/castlepodsreda.com\/hr\/ljetna-muzejska-noc-na-dvorcu-podsreda\/","url":"https:\/\/castlepodsreda.com\/hr\/ljetna-muzejska-noc-na-dvorcu-podsreda\/","name":"LJETNA MUZEJSKA NO\u0106 NA DVORCU PODSREDA | Grad Podsreda | Sobe in apartmaji | Grajska ponudba","isPartOf":{"@id":"https:\/\/castlepodsreda.com\/hr\/#website"},"datePublished":"2024-06-10T12:01:34+00:00","dateModified":"2024-06-18T11:23:28+00:00","description":"U subotu, 15. lipnja 2024., pridru\u017eite nam se na posebnoj ve\u010deri na Dvorcu Podsreda, gdje \u0107emo od 18 do 24 sata slaviti Ljetnu muzejsku no\u0107. Ulaz je BESPLATAN, \u0161to svima omogu\u0107uje jedinstvenu priliku za besplatno istra\u017eivanje dvoranskih soba i brojnih izlo\u017ebi. Vrhunac ve\u010deri bit \u0107e koncert u 19 sati, na kojem \u0107e nastupiti talentirana mlada vokalistica Nina \u0160ulc s gostima.","breadcrumb":{"@id":"https:\/\/castlepodsreda.com\/hr\/ljetna-muzejska-noc-na-dvorcu-podsreda\/#breadcrumb"},"inLanguage":"hr","potentialAction":[{"@type":"ReadAction","target":["https:\/\/castlepodsreda.com\/hr\/ljetna-muzejska-noc-na-dvorcu-podsreda\/"]}]},{"@type":"BreadcrumbList","@id":"https:\/\/castlepodsreda.com\/hr\/ljetna-muzejska-noc-na-dvorcu-podsreda\/#breadcrumb","itemListElement":[{"@type":"ListItem","position":1,"name":"Home","item":"https:\/\/castlepodsreda.com\/hr\/"},{"@type":"ListItem","position":2,"name":"LJETNA MUZEJSKA NO\u0106 NA DVORCU PODSREDA"}]},{"@type":"WebSite","@id":"https:\/\/castlepodsreda.com\/hr\/#website","url":"https:\/\/castlepodsreda.com\/hr\/","name":"Grad Podsreda | Sobe in apartmaji | Grajska ponudba","description":"Najbolj grajski med gradovi v Sloveniji","publisher":{"@id":"https:\/\/castlepodsreda.com\/hr\/#organization"},"potentialAction":[{"@type":"SearchAction","target":{"@type":"EntryPoint","urlTemplate":"https:\/\/castlepodsreda.com\/hr\/?s={search_term_string}"},"query-input":"required name=search_term_string"}],"inLanguage":"hr"},{"@type":"Organization","@id":"https:\/\/castlepodsreda.com\/hr\/#organization","name":"Grad Podsreda | Sobe in apartmaji | Grajska ponudba","url":"https:\/\/castlepodsreda.com\/hr\/","logo":{"@type":"ImageObject","inLanguage":"hr","@id":"https:\/\/castlepodsreda.com\/hr\/#\/schema\/logo\/image\/","url":"https:\/\/castlepodsreda.com\/wp-content\/uploads\/2020\/04\/logo-grad-podsreda-2.jpg","contentUrl":"https:\/\/castlepodsreda.com\/wp-content\/uploads\/2020\/04\/logo-grad-podsreda-2.jpg","width":576,"height":576,"caption":"Grad Podsreda | Sobe in apartmaji | Grajska ponudba"},"image":{"@id":"https:\/\/castlepodsreda.com\/hr\/#\/schema\/logo\/image\/"},"sameAs":["https:\/\/www.instagram.com\/podsredacastle\/","https:\/\/www.facebook.com\/podsredacastle"]},{"@type":"Person","@id":"https:\/\/castlepodsreda.com\/hr\/#\/schema\/person\/198d485f44bf3a58695a9e70049ea060","name":"Administrator","image":{"@type":"ImageObject","inLanguage":"hr","@id":"https:\/\/castlepodsreda.com\/hr\/#\/schema\/person\/image\/","url":"https:\/\/secure.gravatar.com\/avatar\/1d9d2804165559256920cd8e4ed784aa?s=96&d=mm&r=g","contentUrl":"https:\/\/secure.gravatar.com\/avatar\/1d9d2804165559256920cd8e4ed784aa?s=96&d=mm&r=g","caption":"Administrator"},"sameAs":["https:\/\/www.castlepodsreda.com"]}]}},"_links":{"self":[{"href":"https:\/\/castlepodsreda.com\/hr\/wp-json\/wp\/v2\/posts\/36676"}],"collection":[{"href":"https:\/\/castlepodsreda.com\/hr\/wp-json\/wp\/v2\/posts"}],"about":[{"href":"https:\/\/castlepodsreda.com\/hr\/wp-json\/wp\/v2\/types\/post"}],"author":[{"embeddable":true,"href":"https:\/\/castlepodsreda.com\/hr\/wp-json\/wp\/v2\/users\/2"}],"replies":[{"embeddable":true,"href":"https:\/\/castlepodsreda.com\/hr\/wp-json\/wp\/v2\/comments?post=36676"}],"version-history":[{"count":3,"href":"https:\/\/castlepodsreda.com\/hr\/wp-json\/wp\/v2\/posts\/36676\/revisions"}],"predecessor-version":[{"id":36680,"href":"https:\/\/castlepodsreda.com\/hr\/wp-json\/wp\/v2\/posts\/36676\/revisions\/36680"}],"wp:featuredmedia":[{"embeddable":true,"href":"https:\/\/castlepodsreda.com\/hr\/wp-json\/wp\/v2\/media\/36666"}],"wp:attachment":[{"href":"https:\/\/castlepodsreda.com\/hr\/wp-json\/wp\/v2\/media?parent=36676"}],"wp:term":[{"taxonomy":"category","embeddable":true,"href":"https:\/\/castlepodsreda.com\/hr\/wp-json\/wp\/v2\/categories?post=36676"},{"taxonomy":"post_tag","embeddable":true,"href":"https:\/\/castlepodsreda.com\/hr\/wp-json\/wp\/v2\/tags?post=36676"}],"curies":[{"name":"wp","href":"https:\/\/api.w.org\/{rel}","templated":true}]}}