{"id":36959,"date":"2024-08-01T11:54:07","date_gmt":"2024-08-01T11:54:07","guid":{"rendered":"https:\/\/castlepodsreda.com\/?p=36959"},"modified":"2024-08-05T12:38:27","modified_gmt":"2024-08-05T12:38:27","slug":"koncert-vokalne-skupine-gallina-concerto-delle-donne","status":"publish","type":"post","link":"https:\/\/castlepodsreda.com\/hr\/koncert-vokalne-skupine-gallina-concerto-delle-donne\/","title":{"rendered":"KONCERT VOKALNE SKUPINE GALLINA &#8220;CONCERTO DELLE DONNE&#8221;"},"content":{"rendered":"<h4><strong>Datum: \u010detvrtak, 15. kolovoza <\/strong><br \/>\n<strong>Vrijeme: 19:00 sati <\/strong><br \/>\n<strong>Lokacija: Dvorac Podsreda <\/strong><br \/>\n<strong>VOKALNA SKUPINA GALLINA &#8211; umjetni\u010dka voditeljica Ana Er\u010dulj<\/strong><\/h4>\n<p><em><strong>Pozivamo vas na nezaboravnu glazbenu ve\u010der u dvorcu Podsreda, gdje \u0107e nastupiti Vokalna skupina Gallina pod umjetni\u010dkim vodstvom Ane Er\u010dulj s koncertom pod nazivom &#8220;CONCERTO DELLE DONNE.&#8221;<\/strong><\/em><\/p>\n<p>Vokalna skupina Gallina, osnovana krajem 2010. godine, izvest \u0107e raznolik repertoar koji uklju\u010duje slovensku narodnu i umjetni\u010dku glazbu, skladbe svjetske zborske literature od renesanse do suvremenosti, zlatno doba slovenske pop glazbe te strane skladbe vokalnog jazza i popa.<\/p>\n<p>Pod <strong>umjetni\u010dkim vodstvom Ane Er\u010dulj<\/strong>, nastupat \u0107e <strong>Ireneja Nejka \u010cuk<\/strong>, <strong>Federica Lo Pinto<\/strong>, <strong>Ana Plemenita\u0161<\/strong> i <strong>Vi\u0161nja Fi\u010dor<\/strong>.<\/p>\n<p>Gallina je u svojoj dosada\u0161njoj karijeri postigla niz zna\u010dajnih uspjeha kako u zemlji tako i u inozemstvu, a 2014. godine objavila je svoj prvi album &#8220;Kurje gospe.&#8221;<\/p>\n<p><strong>SRDA\u010cNO STE POZVANI.<\/strong><\/p>\n<p>Dobrovoljni prilozi su dobrodo\u0161li.<\/p>\n<p>Ne propustite \u010darobnu ve\u010der u dvorcu Podsreda!<\/p>\n","protected":false},"excerpt":{"rendered":"<p>U \u010detvrtak, 15. kolovoza, u 19 sati srda\u010dno ste pozvani na nezaboravnu glazbenu ve\u010der u dvorcu Podsreda, gdje \u0107e nastupiti Vokalna skupina Gallina pod umjetni\u010dkim vodstvom Ane Er\u010dulj s koncertom pod nazivom &#8220;CONCERTO DELLE DONNE&#8221;.<\/p>\n","protected":false},"author":2,"featured_media":36955,"comment_status":"open","ping_status":"open","sticky":false,"template":"","format":"standard","meta":[],"categories":[1777,1047,806],"tags":[],"yoast_head":"<!-- This site is optimized with the Yoast SEO plugin v19.14 - https:\/\/yoast.com\/wordpress\/plugins\/seo\/ -->\n<title>KONCERT VOKALNE SKUPINE GALLINA &quot;CONCERTO DELLE DONNE&quot; | Grad Podsreda | Sobe in apartmaji | Grajska ponudba<\/title>\n<meta name=\"description\" content=\"U \u010detvrtak, 15. kolovoza, u 19 sati srda\u010dno ste pozvani na nezaboravnu glazbenu ve\u010der u dvorcu Podsreda, gdje \u0107e nastupiti Vokalna skupina Gallina pod umjetni\u010dkim vodstvom Ane Er\u010dulj s koncertom pod nazivom &quot;CONCERTO DELLE DONNE&quot;.\" \/>\n<meta name=\"robots\" content=\"index, follow, max-snippet:-1, max-image-preview:large, max-video-preview:-1\" \/>\n<link rel=\"canonical\" href=\"https:\/\/castlepodsreda.com\/hr\/koncert-vokalne-skupine-gallina-concerto-delle-donne\/\" \/>\n<meta property=\"og:locale\" content=\"hr_HR\" \/>\n<meta property=\"og:type\" content=\"article\" \/>\n<meta property=\"og:title\" content=\"KONCERT VOKALNE SKUPINE GALLINA &quot;CONCERTO DELLE DONNE&quot; | Grad Podsreda | Sobe in apartmaji | Grajska ponudba\" \/>\n<meta property=\"og:description\" content=\"U \u010detvrtak, 15. kolovoza, u 19 sati srda\u010dno ste pozvani na nezaboravnu glazbenu ve\u010der u dvorcu Podsreda, gdje \u0107e nastupiti Vokalna skupina Gallina pod umjetni\u010dkim vodstvom Ane Er\u010dulj s koncertom pod nazivom &quot;CONCERTO DELLE DONNE&quot;.\" \/>\n<meta property=\"og:url\" content=\"https:\/\/castlepodsreda.com\/hr\/koncert-vokalne-skupine-gallina-concerto-delle-donne\/\" \/>\n<meta property=\"og:site_name\" content=\"Grad Podsreda | Sobe in apartmaji | Grajska ponudba\" \/>\n<meta property=\"article:publisher\" content=\"https:\/\/www.facebook.com\/podsredacastle\" \/>\n<meta property=\"article:published_time\" content=\"2024-08-01T11:54:07+00:00\" \/>\n<meta property=\"article:modified_time\" content=\"2024-08-05T12:38:27+00:00\" \/>\n<meta property=\"og:image\" content=\"https:\/\/castlepodsreda.com\/wp-content\/uploads\/2024\/08\/Gallina-Vipava_KONCERT_gRAD-pODSREDA_Podsreda-Castle_2024-1.jpg\" \/>\n\t<meta property=\"og:image:width\" content=\"465\" \/>\n\t<meta property=\"og:image:height\" content=\"420\" \/>\n\t<meta property=\"og:image:type\" content=\"image\/jpeg\" \/>\n<meta name=\"author\" content=\"Administrator\" \/>\n<meta name=\"twitter:card\" content=\"summary_large_image\" \/>\n<meta name=\"twitter:label1\" content=\"Napisao\/la\" \/>\n\t<meta name=\"twitter:data1\" content=\"Administrator\" \/>\n\t<meta name=\"twitter:label2\" content=\"Procijenjeno vrijeme \u010ditanja\" \/>\n\t<meta name=\"twitter:data2\" content=\"1 minuta\" \/>\n<script type=\"application\/ld+json\" class=\"yoast-schema-graph\">{\"@context\":\"https:\/\/schema.org\",\"@graph\":[{\"@type\":\"Article\",\"@id\":\"https:\/\/castlepodsreda.com\/hr\/koncert-vokalne-skupine-gallina-concerto-delle-donne\/#article\",\"isPartOf\":{\"@id\":\"https:\/\/castlepodsreda.com\/hr\/koncert-vokalne-skupine-gallina-concerto-delle-donne\/\"},\"author\":{\"name\":\"Administrator\",\"@id\":\"https:\/\/castlepodsreda.com\/hr\/#\/schema\/person\/198d485f44bf3a58695a9e70049ea060\"},\"headline\":\"KONCERT VOKALNE SKUPINE GALLINA &#8220;CONCERTO DELLE DONNE&#8221;\",\"datePublished\":\"2024-08-01T11:54:07+00:00\",\"dateModified\":\"2024-08-05T12:38:27+00:00\",\"mainEntityOfPage\":{\"@id\":\"https:\/\/castlepodsreda.com\/hr\/koncert-vokalne-skupine-gallina-concerto-delle-donne\/\"},\"wordCount\":161,\"commentCount\":0,\"publisher\":{\"@id\":\"https:\/\/castlepodsreda.com\/hr\/#organization\"},\"articleSection\":[\"DOGA\u0110AJI\",\"NOVOSTI\",\"Uncategorized @hr\"],\"inLanguage\":\"hr\",\"potentialAction\":[{\"@type\":\"CommentAction\",\"name\":\"Comment\",\"target\":[\"https:\/\/castlepodsreda.com\/hr\/koncert-vokalne-skupine-gallina-concerto-delle-donne\/#respond\"]}]},{\"@type\":\"WebPage\",\"@id\":\"https:\/\/castlepodsreda.com\/hr\/koncert-vokalne-skupine-gallina-concerto-delle-donne\/\",\"url\":\"https:\/\/castlepodsreda.com\/hr\/koncert-vokalne-skupine-gallina-concerto-delle-donne\/\",\"name\":\"KONCERT VOKALNE SKUPINE GALLINA \\\"CONCERTO DELLE DONNE\\\" | Grad Podsreda | Sobe in apartmaji | Grajska ponudba\",\"isPartOf\":{\"@id\":\"https:\/\/castlepodsreda.com\/hr\/#website\"},\"datePublished\":\"2024-08-01T11:54:07+00:00\",\"dateModified\":\"2024-08-05T12:38:27+00:00\",\"description\":\"U \u010detvrtak, 15. kolovoza, u 19 sati srda\u010dno ste pozvani na nezaboravnu glazbenu ve\u010der u dvorcu Podsreda, gdje \u0107e nastupiti Vokalna skupina Gallina pod umjetni\u010dkim vodstvom Ane Er\u010dulj s koncertom pod nazivom \\\"CONCERTO DELLE DONNE\\\".\",\"breadcrumb\":{\"@id\":\"https:\/\/castlepodsreda.com\/hr\/koncert-vokalne-skupine-gallina-concerto-delle-donne\/#breadcrumb\"},\"inLanguage\":\"hr\",\"potentialAction\":[{\"@type\":\"ReadAction\",\"target\":[\"https:\/\/castlepodsreda.com\/hr\/koncert-vokalne-skupine-gallina-concerto-delle-donne\/\"]}]},{\"@type\":\"BreadcrumbList\",\"@id\":\"https:\/\/castlepodsreda.com\/hr\/koncert-vokalne-skupine-gallina-concerto-delle-donne\/#breadcrumb\",\"itemListElement\":[{\"@type\":\"ListItem\",\"position\":1,\"name\":\"Home\",\"item\":\"https:\/\/castlepodsreda.com\/hr\/\"},{\"@type\":\"ListItem\",\"position\":2,\"name\":\"KONCERT VOKALNE SKUPINE GALLINA &#8220;CONCERTO DELLE DONNE&#8221;\"}]},{\"@type\":\"WebSite\",\"@id\":\"https:\/\/castlepodsreda.com\/hr\/#website\",\"url\":\"https:\/\/castlepodsreda.com\/hr\/\",\"name\":\"Grad Podsreda | Sobe in apartmaji | Grajska ponudba\",\"description\":\"Najbolj grajski med gradovi v Sloveniji\",\"publisher\":{\"@id\":\"https:\/\/castlepodsreda.com\/hr\/#organization\"},\"potentialAction\":[{\"@type\":\"SearchAction\",\"target\":{\"@type\":\"EntryPoint\",\"urlTemplate\":\"https:\/\/castlepodsreda.com\/hr\/?s={search_term_string}\"},\"query-input\":\"required name=search_term_string\"}],\"inLanguage\":\"hr\"},{\"@type\":\"Organization\",\"@id\":\"https:\/\/castlepodsreda.com\/hr\/#organization\",\"name\":\"Grad Podsreda | Sobe in apartmaji | Grajska ponudba\",\"url\":\"https:\/\/castlepodsreda.com\/hr\/\",\"logo\":{\"@type\":\"ImageObject\",\"inLanguage\":\"hr\",\"@id\":\"https:\/\/castlepodsreda.com\/hr\/#\/schema\/logo\/image\/\",\"url\":\"https:\/\/castlepodsreda.com\/wp-content\/uploads\/2020\/04\/logo-grad-podsreda-2.jpg\",\"contentUrl\":\"https:\/\/castlepodsreda.com\/wp-content\/uploads\/2020\/04\/logo-grad-podsreda-2.jpg\",\"width\":576,\"height\":576,\"caption\":\"Grad Podsreda | Sobe in apartmaji | Grajska ponudba\"},\"image\":{\"@id\":\"https:\/\/castlepodsreda.com\/hr\/#\/schema\/logo\/image\/\"},\"sameAs\":[\"https:\/\/www.instagram.com\/podsredacastle\/\",\"https:\/\/www.facebook.com\/podsredacastle\"]},{\"@type\":\"Person\",\"@id\":\"https:\/\/castlepodsreda.com\/hr\/#\/schema\/person\/198d485f44bf3a58695a9e70049ea060\",\"name\":\"Administrator\",\"image\":{\"@type\":\"ImageObject\",\"inLanguage\":\"hr\",\"@id\":\"https:\/\/castlepodsreda.com\/hr\/#\/schema\/person\/image\/\",\"url\":\"https:\/\/secure.gravatar.com\/avatar\/1d9d2804165559256920cd8e4ed784aa?s=96&d=mm&r=g\",\"contentUrl\":\"https:\/\/secure.gravatar.com\/avatar\/1d9d2804165559256920cd8e4ed784aa?s=96&d=mm&r=g\",\"caption\":\"Administrator\"},\"sameAs\":[\"https:\/\/www.castlepodsreda.com\"]}]}<\/script>\n<!-- \/ Yoast SEO plugin. -->","yoast_head_json":{"title":"KONCERT VOKALNE SKUPINE GALLINA \"CONCERTO DELLE DONNE\" | Grad Podsreda | Sobe in apartmaji | Grajska ponudba","description":"U \u010detvrtak, 15. kolovoza, u 19 sati srda\u010dno ste pozvani na nezaboravnu glazbenu ve\u010der u dvorcu Podsreda, gdje \u0107e nastupiti Vokalna skupina Gallina pod umjetni\u010dkim vodstvom Ane Er\u010dulj s koncertom pod nazivom \"CONCERTO DELLE DONNE\".","robots":{"index":"index","follow":"follow","max-snippet":"max-snippet:-1","max-image-preview":"max-image-preview:large","max-video-preview":"max-video-preview:-1"},"canonical":"https:\/\/castlepodsreda.com\/hr\/koncert-vokalne-skupine-gallina-concerto-delle-donne\/","og_locale":"hr_HR","og_type":"article","og_title":"KONCERT VOKALNE SKUPINE GALLINA \"CONCERTO DELLE DONNE\" | Grad Podsreda | Sobe in apartmaji | Grajska ponudba","og_description":"U \u010detvrtak, 15. kolovoza, u 19 sati srda\u010dno ste pozvani na nezaboravnu glazbenu ve\u010der u dvorcu Podsreda, gdje \u0107e nastupiti Vokalna skupina Gallina pod umjetni\u010dkim vodstvom Ane Er\u010dulj s koncertom pod nazivom \"CONCERTO DELLE DONNE\".","og_url":"https:\/\/castlepodsreda.com\/hr\/koncert-vokalne-skupine-gallina-concerto-delle-donne\/","og_site_name":"Grad Podsreda | Sobe in apartmaji | Grajska ponudba","article_publisher":"https:\/\/www.facebook.com\/podsredacastle","article_published_time":"2024-08-01T11:54:07+00:00","article_modified_time":"2024-08-05T12:38:27+00:00","og_image":[{"width":465,"height":420,"url":"https:\/\/castlepodsreda.com\/wp-content\/uploads\/2024\/08\/Gallina-Vipava_KONCERT_gRAD-pODSREDA_Podsreda-Castle_2024-1.jpg","type":"image\/jpeg"}],"author":"Administrator","twitter_card":"summary_large_image","twitter_misc":{"Napisao\/la":"Administrator","Procijenjeno vrijeme \u010ditanja":"1 minuta"},"schema":{"@context":"https:\/\/schema.org","@graph":[{"@type":"Article","@id":"https:\/\/castlepodsreda.com\/hr\/koncert-vokalne-skupine-gallina-concerto-delle-donne\/#article","isPartOf":{"@id":"https:\/\/castlepodsreda.com\/hr\/koncert-vokalne-skupine-gallina-concerto-delle-donne\/"},"author":{"name":"Administrator","@id":"https:\/\/castlepodsreda.com\/hr\/#\/schema\/person\/198d485f44bf3a58695a9e70049ea060"},"headline":"KONCERT VOKALNE SKUPINE GALLINA &#8220;CONCERTO DELLE DONNE&#8221;","datePublished":"2024-08-01T11:54:07+00:00","dateModified":"2024-08-05T12:38:27+00:00","mainEntityOfPage":{"@id":"https:\/\/castlepodsreda.com\/hr\/koncert-vokalne-skupine-gallina-concerto-delle-donne\/"},"wordCount":161,"commentCount":0,"publisher":{"@id":"https:\/\/castlepodsreda.com\/hr\/#organization"},"articleSection":["DOGA\u0110AJI","NOVOSTI","Uncategorized @hr"],"inLanguage":"hr","potentialAction":[{"@type":"CommentAction","name":"Comment","target":["https:\/\/castlepodsreda.com\/hr\/koncert-vokalne-skupine-gallina-concerto-delle-donne\/#respond"]}]},{"@type":"WebPage","@id":"https:\/\/castlepodsreda.com\/hr\/koncert-vokalne-skupine-gallina-concerto-delle-donne\/","url":"https:\/\/castlepodsreda.com\/hr\/koncert-vokalne-skupine-gallina-concerto-delle-donne\/","name":"KONCERT VOKALNE SKUPINE GALLINA \"CONCERTO DELLE DONNE\" | Grad Podsreda | Sobe in apartmaji | Grajska ponudba","isPartOf":{"@id":"https:\/\/castlepodsreda.com\/hr\/#website"},"datePublished":"2024-08-01T11:54:07+00:00","dateModified":"2024-08-05T12:38:27+00:00","description":"U \u010detvrtak, 15. kolovoza, u 19 sati srda\u010dno ste pozvani na nezaboravnu glazbenu ve\u010der u dvorcu Podsreda, gdje \u0107e nastupiti Vokalna skupina Gallina pod umjetni\u010dkim vodstvom Ane Er\u010dulj s koncertom pod nazivom \"CONCERTO DELLE DONNE\".","breadcrumb":{"@id":"https:\/\/castlepodsreda.com\/hr\/koncert-vokalne-skupine-gallina-concerto-delle-donne\/#breadcrumb"},"inLanguage":"hr","potentialAction":[{"@type":"ReadAction","target":["https:\/\/castlepodsreda.com\/hr\/koncert-vokalne-skupine-gallina-concerto-delle-donne\/"]}]},{"@type":"BreadcrumbList","@id":"https:\/\/castlepodsreda.com\/hr\/koncert-vokalne-skupine-gallina-concerto-delle-donne\/#breadcrumb","itemListElement":[{"@type":"ListItem","position":1,"name":"Home","item":"https:\/\/castlepodsreda.com\/hr\/"},{"@type":"ListItem","position":2,"name":"KONCERT VOKALNE SKUPINE GALLINA &#8220;CONCERTO DELLE DONNE&#8221;"}]},{"@type":"WebSite","@id":"https:\/\/castlepodsreda.com\/hr\/#website","url":"https:\/\/castlepodsreda.com\/hr\/","name":"Grad Podsreda | Sobe in apartmaji | Grajska ponudba","description":"Najbolj grajski med gradovi v Sloveniji","publisher":{"@id":"https:\/\/castlepodsreda.com\/hr\/#organization"},"potentialAction":[{"@type":"SearchAction","target":{"@type":"EntryPoint","urlTemplate":"https:\/\/castlepodsreda.com\/hr\/?s={search_term_string}"},"query-input":"required name=search_term_string"}],"inLanguage":"hr"},{"@type":"Organization","@id":"https:\/\/castlepodsreda.com\/hr\/#organization","name":"Grad Podsreda | Sobe in apartmaji | Grajska ponudba","url":"https:\/\/castlepodsreda.com\/hr\/","logo":{"@type":"ImageObject","inLanguage":"hr","@id":"https:\/\/castlepodsreda.com\/hr\/#\/schema\/logo\/image\/","url":"https:\/\/castlepodsreda.com\/wp-content\/uploads\/2020\/04\/logo-grad-podsreda-2.jpg","contentUrl":"https:\/\/castlepodsreda.com\/wp-content\/uploads\/2020\/04\/logo-grad-podsreda-2.jpg","width":576,"height":576,"caption":"Grad Podsreda | Sobe in apartmaji | Grajska ponudba"},"image":{"@id":"https:\/\/castlepodsreda.com\/hr\/#\/schema\/logo\/image\/"},"sameAs":["https:\/\/www.instagram.com\/podsredacastle\/","https:\/\/www.facebook.com\/podsredacastle"]},{"@type":"Person","@id":"https:\/\/castlepodsreda.com\/hr\/#\/schema\/person\/198d485f44bf3a58695a9e70049ea060","name":"Administrator","image":{"@type":"ImageObject","inLanguage":"hr","@id":"https:\/\/castlepodsreda.com\/hr\/#\/schema\/person\/image\/","url":"https:\/\/secure.gravatar.com\/avatar\/1d9d2804165559256920cd8e4ed784aa?s=96&d=mm&r=g","contentUrl":"https:\/\/secure.gravatar.com\/avatar\/1d9d2804165559256920cd8e4ed784aa?s=96&d=mm&r=g","caption":"Administrator"},"sameAs":["https:\/\/www.castlepodsreda.com"]}]}},"_links":{"self":[{"href":"https:\/\/castlepodsreda.com\/hr\/wp-json\/wp\/v2\/posts\/36959"}],"collection":[{"href":"https:\/\/castlepodsreda.com\/hr\/wp-json\/wp\/v2\/posts"}],"about":[{"href":"https:\/\/castlepodsreda.com\/hr\/wp-json\/wp\/v2\/types\/post"}],"author":[{"embeddable":true,"href":"https:\/\/castlepodsreda.com\/hr\/wp-json\/wp\/v2\/users\/2"}],"replies":[{"embeddable":true,"href":"https:\/\/castlepodsreda.com\/hr\/wp-json\/wp\/v2\/comments?post=36959"}],"version-history":[{"count":3,"href":"https:\/\/castlepodsreda.com\/hr\/wp-json\/wp\/v2\/posts\/36959\/revisions"}],"predecessor-version":[{"id":36965,"href":"https:\/\/castlepodsreda.com\/hr\/wp-json\/wp\/v2\/posts\/36959\/revisions\/36965"}],"wp:featuredmedia":[{"embeddable":true,"href":"https:\/\/castlepodsreda.com\/hr\/wp-json\/wp\/v2\/media\/36955"}],"wp:attachment":[{"href":"https:\/\/castlepodsreda.com\/hr\/wp-json\/wp\/v2\/media?parent=36959"}],"wp:term":[{"taxonomy":"category","embeddable":true,"href":"https:\/\/castlepodsreda.com\/hr\/wp-json\/wp\/v2\/categories?post=36959"},{"taxonomy":"post_tag","embeddable":true,"href":"https:\/\/castlepodsreda.com\/hr\/wp-json\/wp\/v2\/tags?post=36959"}],"curies":[{"name":"wp","href":"https:\/\/api.w.org\/{rel}","templated":true}]}}