{"id":37056,"date":"2024-08-22T10:26:46","date_gmt":"2024-08-22T10:26:46","guid":{"rendered":"https:\/\/castlepodsreda.com\/?p=37056"},"modified":"2024-08-22T10:32:02","modified_gmt":"2024-08-22T10:32:02","slug":"fotografska-izlozba-svjetski-portreti-u-dvorcu-podsreda","status":"publish","type":"post","link":"https:\/\/castlepodsreda.com\/hr\/fotografska-izlozba-svjetski-portreti-u-dvorcu-podsreda\/","title":{"rendered":"FOTOGRAFSKA IZLO\u017dBA &#8220;SVJETSKI PORTRETI&#8221; U DVORCU PODSREDA"},"content":{"rendered":"<h3>Fotografska izlo\u017eba Andreja Grilca: &#8220;SVJETSKI PORTRETI&#8221; u Dvorcu Podsreda<\/h3>\n<h4>U srijedu, 28. kolovoza 2024. u 19 sati, srda\u010dno vas pozivamo na otvorenje fotografske izlo\u017ebe nagra\u0111ivanog fotografa Andreja Grilca u Dvorcu Podsreda.<\/h4>\n<p>Izlo\u017eba pod nazivom <strong>&#8220;Svjetski portreti&#8221;<\/strong> bit \u0107e postavljena na tavanu dvorca i predstavit \u0107e Grilcovu izvanrednu kolekciju fotografija. Kao jedan od najtra\u017eenijih mladih glazbenih fotografa, Grilc se s jednakom stra\u0161\u0107u posve\u0107uje uli\u010dnoj fotografiji. Njegov projekt <strong>&#8220;80 portreta oko svijeta&#8221;<\/strong>\u00a0vodi ga u udaljene krajeve gdje kroz objektiv hvata su\u0161tinu nadahnjuju\u0107ih pojedinaca duboko ukorijenjenih u svojim kulturama.<\/p>\n<p>Njegove fotografije pri\u010daju pri\u010de o ljudima \u010dija lica odra\u017eavaju pro\u0161lost i tradicije koje postupno nestaju u na\u0161em brzo mijenjaju\u0107em svijetu. Kroz svoju umjetnost, Grilc nastoji sa\u010duvati ta lica za budu\u0107e generacije. Jedna od njegovih serija, <strong>&#8220;Portreti Varanasija,&#8221;<\/strong> nagra\u0111ena je na presti\u017enom natjecanju Natural Density Photography Awards.<\/p>\n<p>Ne propustite priliku da svijet vidite kroz objektiv majstora fotografije!<\/p>\n<h4>Kada: Srijeda, 28. kolovoza 2024. u 19 sati<br \/>\nGdje: Dvorac Podsreda, Tavan<\/h4>\n<p>Srda\u010dno ste pozvani!<\/p>\n","protected":false},"excerpt":{"rendered":"<p>U srijedu, 28. kolovoza 2024. u 19 sati, srda\u010dno vas pozivamo na otvorenje fotografske izlo\u017ebe nagra\u0111ivanog fotografa Andreja Grilca u Dvorcu Podsreda.<\/p>\n","protected":false},"author":2,"featured_media":37047,"comment_status":"open","ping_status":"open","sticky":false,"template":"","format":"standard","meta":[],"categories":[1777,1047,806],"tags":[],"yoast_head":"<!-- This site is optimized with the Yoast SEO plugin v19.14 - https:\/\/yoast.com\/wordpress\/plugins\/seo\/ -->\n<title>FOTOGRAFSKA IZLO\u017dBA &quot;SVJETSKI PORTRETI&quot; U DVORCU PODSREDA | Grad Podsreda | Sobe in apartmaji | Grajska ponudba<\/title>\n<meta name=\"description\" content=\"U srijedu, 28. kolovoza 2024. u 19 sati, srda\u010dno vas pozivamo na otvorenje fotografske izlo\u017ebe nagra\u0111ivanog fotografa Andreja Grilca u Dvorcu Podsreda.\" \/>\n<meta name=\"robots\" content=\"index, follow, max-snippet:-1, max-image-preview:large, max-video-preview:-1\" \/>\n<link rel=\"canonical\" href=\"https:\/\/castlepodsreda.com\/hr\/fotografska-izlozba-svjetski-portreti-u-dvorcu-podsreda\/\" \/>\n<meta property=\"og:locale\" content=\"hr_HR\" \/>\n<meta property=\"og:type\" content=\"article\" \/>\n<meta property=\"og:title\" content=\"FOTOGRAFSKA IZLO\u017dBA &quot;SVJETSKI PORTRETI&quot; U DVORCU PODSREDA | Grad Podsreda | Sobe in apartmaji | Grajska ponudba\" \/>\n<meta property=\"og:description\" content=\"U srijedu, 28. kolovoza 2024. u 19 sati, srda\u010dno vas pozivamo na otvorenje fotografske izlo\u017ebe nagra\u0111ivanog fotografa Andreja Grilca u Dvorcu Podsreda.\" \/>\n<meta property=\"og:url\" content=\"https:\/\/castlepodsreda.com\/hr\/fotografska-izlozba-svjetski-portreti-u-dvorcu-podsreda\/\" \/>\n<meta property=\"og:site_name\" content=\"Grad Podsreda | Sobe in apartmaji | Grajska ponudba\" \/>\n<meta property=\"article:publisher\" content=\"https:\/\/www.facebook.com\/podsredacastle\" \/>\n<meta property=\"article:published_time\" content=\"2024-08-22T10:26:46+00:00\" \/>\n<meta property=\"article:modified_time\" content=\"2024-08-22T10:32:02+00:00\" \/>\n<meta property=\"og:image\" content=\"https:\/\/castlepodsreda.com\/wp-content\/uploads\/2024\/08\/Andrej-Grilc-Svetovni-portreti_Fotografska-razstava_Grad-Podsreda_EVENT_Podsreda-castle.jpg\" \/>\n\t<meta property=\"og:image:width\" content=\"465\" \/>\n\t<meta property=\"og:image:height\" content=\"420\" \/>\n\t<meta property=\"og:image:type\" content=\"image\/jpeg\" \/>\n<meta name=\"author\" content=\"Administrator\" \/>\n<meta name=\"twitter:card\" content=\"summary_large_image\" \/>\n<meta name=\"twitter:label1\" content=\"Napisao\/la\" \/>\n\t<meta name=\"twitter:data1\" content=\"Administrator\" \/>\n\t<meta name=\"twitter:label2\" content=\"Procijenjeno vrijeme \u010ditanja\" \/>\n\t<meta name=\"twitter:data2\" content=\"1 minuta\" \/>\n<script type=\"application\/ld+json\" class=\"yoast-schema-graph\">{\"@context\":\"https:\/\/schema.org\",\"@graph\":[{\"@type\":\"Article\",\"@id\":\"https:\/\/castlepodsreda.com\/hr\/fotografska-izlozba-svjetski-portreti-u-dvorcu-podsreda\/#article\",\"isPartOf\":{\"@id\":\"https:\/\/castlepodsreda.com\/hr\/fotografska-izlozba-svjetski-portreti-u-dvorcu-podsreda\/\"},\"author\":{\"name\":\"Administrator\",\"@id\":\"https:\/\/castlepodsreda.com\/hr\/#\/schema\/person\/198d485f44bf3a58695a9e70049ea060\"},\"headline\":\"FOTOGRAFSKA IZLO\u017dBA &#8220;SVJETSKI PORTRETI&#8221; U DVORCU PODSREDA\",\"datePublished\":\"2024-08-22T10:26:46+00:00\",\"dateModified\":\"2024-08-22T10:32:02+00:00\",\"mainEntityOfPage\":{\"@id\":\"https:\/\/castlepodsreda.com\/hr\/fotografska-izlozba-svjetski-portreti-u-dvorcu-podsreda\/\"},\"wordCount\":181,\"commentCount\":0,\"publisher\":{\"@id\":\"https:\/\/castlepodsreda.com\/hr\/#organization\"},\"articleSection\":[\"DOGA\u0110AJI\",\"NOVOSTI\",\"Uncategorized @hr\"],\"inLanguage\":\"hr\",\"potentialAction\":[{\"@type\":\"CommentAction\",\"name\":\"Comment\",\"target\":[\"https:\/\/castlepodsreda.com\/hr\/fotografska-izlozba-svjetski-portreti-u-dvorcu-podsreda\/#respond\"]}]},{\"@type\":\"WebPage\",\"@id\":\"https:\/\/castlepodsreda.com\/hr\/fotografska-izlozba-svjetski-portreti-u-dvorcu-podsreda\/\",\"url\":\"https:\/\/castlepodsreda.com\/hr\/fotografska-izlozba-svjetski-portreti-u-dvorcu-podsreda\/\",\"name\":\"FOTOGRAFSKA IZLO\u017dBA \\\"SVJETSKI PORTRETI\\\" U DVORCU PODSREDA | Grad Podsreda | Sobe in apartmaji | Grajska ponudba\",\"isPartOf\":{\"@id\":\"https:\/\/castlepodsreda.com\/hr\/#website\"},\"datePublished\":\"2024-08-22T10:26:46+00:00\",\"dateModified\":\"2024-08-22T10:32:02+00:00\",\"description\":\"U srijedu, 28. kolovoza 2024. u 19 sati, srda\u010dno vas pozivamo na otvorenje fotografske izlo\u017ebe nagra\u0111ivanog fotografa Andreja Grilca u Dvorcu Podsreda.\",\"breadcrumb\":{\"@id\":\"https:\/\/castlepodsreda.com\/hr\/fotografska-izlozba-svjetski-portreti-u-dvorcu-podsreda\/#breadcrumb\"},\"inLanguage\":\"hr\",\"potentialAction\":[{\"@type\":\"ReadAction\",\"target\":[\"https:\/\/castlepodsreda.com\/hr\/fotografska-izlozba-svjetski-portreti-u-dvorcu-podsreda\/\"]}]},{\"@type\":\"BreadcrumbList\",\"@id\":\"https:\/\/castlepodsreda.com\/hr\/fotografska-izlozba-svjetski-portreti-u-dvorcu-podsreda\/#breadcrumb\",\"itemListElement\":[{\"@type\":\"ListItem\",\"position\":1,\"name\":\"Home\",\"item\":\"https:\/\/castlepodsreda.com\/hr\/\"},{\"@type\":\"ListItem\",\"position\":2,\"name\":\"FOTOGRAFSKA IZLO\u017dBA &#8220;SVJETSKI PORTRETI&#8221; U DVORCU PODSREDA\"}]},{\"@type\":\"WebSite\",\"@id\":\"https:\/\/castlepodsreda.com\/hr\/#website\",\"url\":\"https:\/\/castlepodsreda.com\/hr\/\",\"name\":\"Grad Podsreda | Sobe in apartmaji | Grajska ponudba\",\"description\":\"Najbolj grajski med gradovi v Sloveniji\",\"publisher\":{\"@id\":\"https:\/\/castlepodsreda.com\/hr\/#organization\"},\"potentialAction\":[{\"@type\":\"SearchAction\",\"target\":{\"@type\":\"EntryPoint\",\"urlTemplate\":\"https:\/\/castlepodsreda.com\/hr\/?s={search_term_string}\"},\"query-input\":\"required name=search_term_string\"}],\"inLanguage\":\"hr\"},{\"@type\":\"Organization\",\"@id\":\"https:\/\/castlepodsreda.com\/hr\/#organization\",\"name\":\"Grad Podsreda | Sobe in apartmaji | Grajska ponudba\",\"url\":\"https:\/\/castlepodsreda.com\/hr\/\",\"logo\":{\"@type\":\"ImageObject\",\"inLanguage\":\"hr\",\"@id\":\"https:\/\/castlepodsreda.com\/hr\/#\/schema\/logo\/image\/\",\"url\":\"https:\/\/castlepodsreda.com\/wp-content\/uploads\/2020\/04\/logo-grad-podsreda-2.jpg\",\"contentUrl\":\"https:\/\/castlepodsreda.com\/wp-content\/uploads\/2020\/04\/logo-grad-podsreda-2.jpg\",\"width\":576,\"height\":576,\"caption\":\"Grad Podsreda | Sobe in apartmaji | Grajska ponudba\"},\"image\":{\"@id\":\"https:\/\/castlepodsreda.com\/hr\/#\/schema\/logo\/image\/\"},\"sameAs\":[\"https:\/\/www.instagram.com\/podsredacastle\/\",\"https:\/\/www.facebook.com\/podsredacastle\"]},{\"@type\":\"Person\",\"@id\":\"https:\/\/castlepodsreda.com\/hr\/#\/schema\/person\/198d485f44bf3a58695a9e70049ea060\",\"name\":\"Administrator\",\"image\":{\"@type\":\"ImageObject\",\"inLanguage\":\"hr\",\"@id\":\"https:\/\/castlepodsreda.com\/hr\/#\/schema\/person\/image\/\",\"url\":\"https:\/\/secure.gravatar.com\/avatar\/1d9d2804165559256920cd8e4ed784aa?s=96&d=mm&r=g\",\"contentUrl\":\"https:\/\/secure.gravatar.com\/avatar\/1d9d2804165559256920cd8e4ed784aa?s=96&d=mm&r=g\",\"caption\":\"Administrator\"},\"sameAs\":[\"https:\/\/www.castlepodsreda.com\"]}]}<\/script>\n<!-- \/ Yoast SEO plugin. -->","yoast_head_json":{"title":"FOTOGRAFSKA IZLO\u017dBA \"SVJETSKI PORTRETI\" U DVORCU PODSREDA | Grad Podsreda | Sobe in apartmaji | Grajska ponudba","description":"U srijedu, 28. kolovoza 2024. u 19 sati, srda\u010dno vas pozivamo na otvorenje fotografske izlo\u017ebe nagra\u0111ivanog fotografa Andreja Grilca u Dvorcu Podsreda.","robots":{"index":"index","follow":"follow","max-snippet":"max-snippet:-1","max-image-preview":"max-image-preview:large","max-video-preview":"max-video-preview:-1"},"canonical":"https:\/\/castlepodsreda.com\/hr\/fotografska-izlozba-svjetski-portreti-u-dvorcu-podsreda\/","og_locale":"hr_HR","og_type":"article","og_title":"FOTOGRAFSKA IZLO\u017dBA \"SVJETSKI PORTRETI\" U DVORCU PODSREDA | Grad Podsreda | Sobe in apartmaji | Grajska ponudba","og_description":"U srijedu, 28. kolovoza 2024. u 19 sati, srda\u010dno vas pozivamo na otvorenje fotografske izlo\u017ebe nagra\u0111ivanog fotografa Andreja Grilca u Dvorcu Podsreda.","og_url":"https:\/\/castlepodsreda.com\/hr\/fotografska-izlozba-svjetski-portreti-u-dvorcu-podsreda\/","og_site_name":"Grad Podsreda | Sobe in apartmaji | Grajska ponudba","article_publisher":"https:\/\/www.facebook.com\/podsredacastle","article_published_time":"2024-08-22T10:26:46+00:00","article_modified_time":"2024-08-22T10:32:02+00:00","og_image":[{"width":465,"height":420,"url":"https:\/\/castlepodsreda.com\/wp-content\/uploads\/2024\/08\/Andrej-Grilc-Svetovni-portreti_Fotografska-razstava_Grad-Podsreda_EVENT_Podsreda-castle.jpg","type":"image\/jpeg"}],"author":"Administrator","twitter_card":"summary_large_image","twitter_misc":{"Napisao\/la":"Administrator","Procijenjeno vrijeme \u010ditanja":"1 minuta"},"schema":{"@context":"https:\/\/schema.org","@graph":[{"@type":"Article","@id":"https:\/\/castlepodsreda.com\/hr\/fotografska-izlozba-svjetski-portreti-u-dvorcu-podsreda\/#article","isPartOf":{"@id":"https:\/\/castlepodsreda.com\/hr\/fotografska-izlozba-svjetski-portreti-u-dvorcu-podsreda\/"},"author":{"name":"Administrator","@id":"https:\/\/castlepodsreda.com\/hr\/#\/schema\/person\/198d485f44bf3a58695a9e70049ea060"},"headline":"FOTOGRAFSKA IZLO\u017dBA &#8220;SVJETSKI PORTRETI&#8221; U DVORCU PODSREDA","datePublished":"2024-08-22T10:26:46+00:00","dateModified":"2024-08-22T10:32:02+00:00","mainEntityOfPage":{"@id":"https:\/\/castlepodsreda.com\/hr\/fotografska-izlozba-svjetski-portreti-u-dvorcu-podsreda\/"},"wordCount":181,"commentCount":0,"publisher":{"@id":"https:\/\/castlepodsreda.com\/hr\/#organization"},"articleSection":["DOGA\u0110AJI","NOVOSTI","Uncategorized @hr"],"inLanguage":"hr","potentialAction":[{"@type":"CommentAction","name":"Comment","target":["https:\/\/castlepodsreda.com\/hr\/fotografska-izlozba-svjetski-portreti-u-dvorcu-podsreda\/#respond"]}]},{"@type":"WebPage","@id":"https:\/\/castlepodsreda.com\/hr\/fotografska-izlozba-svjetski-portreti-u-dvorcu-podsreda\/","url":"https:\/\/castlepodsreda.com\/hr\/fotografska-izlozba-svjetski-portreti-u-dvorcu-podsreda\/","name":"FOTOGRAFSKA IZLO\u017dBA \"SVJETSKI PORTRETI\" U DVORCU PODSREDA | Grad Podsreda | Sobe in apartmaji | Grajska ponudba","isPartOf":{"@id":"https:\/\/castlepodsreda.com\/hr\/#website"},"datePublished":"2024-08-22T10:26:46+00:00","dateModified":"2024-08-22T10:32:02+00:00","description":"U srijedu, 28. kolovoza 2024. u 19 sati, srda\u010dno vas pozivamo na otvorenje fotografske izlo\u017ebe nagra\u0111ivanog fotografa Andreja Grilca u Dvorcu Podsreda.","breadcrumb":{"@id":"https:\/\/castlepodsreda.com\/hr\/fotografska-izlozba-svjetski-portreti-u-dvorcu-podsreda\/#breadcrumb"},"inLanguage":"hr","potentialAction":[{"@type":"ReadAction","target":["https:\/\/castlepodsreda.com\/hr\/fotografska-izlozba-svjetski-portreti-u-dvorcu-podsreda\/"]}]},{"@type":"BreadcrumbList","@id":"https:\/\/castlepodsreda.com\/hr\/fotografska-izlozba-svjetski-portreti-u-dvorcu-podsreda\/#breadcrumb","itemListElement":[{"@type":"ListItem","position":1,"name":"Home","item":"https:\/\/castlepodsreda.com\/hr\/"},{"@type":"ListItem","position":2,"name":"FOTOGRAFSKA IZLO\u017dBA &#8220;SVJETSKI PORTRETI&#8221; U DVORCU PODSREDA"}]},{"@type":"WebSite","@id":"https:\/\/castlepodsreda.com\/hr\/#website","url":"https:\/\/castlepodsreda.com\/hr\/","name":"Grad Podsreda | Sobe in apartmaji | Grajska ponudba","description":"Najbolj grajski med gradovi v Sloveniji","publisher":{"@id":"https:\/\/castlepodsreda.com\/hr\/#organization"},"potentialAction":[{"@type":"SearchAction","target":{"@type":"EntryPoint","urlTemplate":"https:\/\/castlepodsreda.com\/hr\/?s={search_term_string}"},"query-input":"required name=search_term_string"}],"inLanguage":"hr"},{"@type":"Organization","@id":"https:\/\/castlepodsreda.com\/hr\/#organization","name":"Grad Podsreda | Sobe in apartmaji | Grajska ponudba","url":"https:\/\/castlepodsreda.com\/hr\/","logo":{"@type":"ImageObject","inLanguage":"hr","@id":"https:\/\/castlepodsreda.com\/hr\/#\/schema\/logo\/image\/","url":"https:\/\/castlepodsreda.com\/wp-content\/uploads\/2020\/04\/logo-grad-podsreda-2.jpg","contentUrl":"https:\/\/castlepodsreda.com\/wp-content\/uploads\/2020\/04\/logo-grad-podsreda-2.jpg","width":576,"height":576,"caption":"Grad Podsreda | Sobe in apartmaji | Grajska ponudba"},"image":{"@id":"https:\/\/castlepodsreda.com\/hr\/#\/schema\/logo\/image\/"},"sameAs":["https:\/\/www.instagram.com\/podsredacastle\/","https:\/\/www.facebook.com\/podsredacastle"]},{"@type":"Person","@id":"https:\/\/castlepodsreda.com\/hr\/#\/schema\/person\/198d485f44bf3a58695a9e70049ea060","name":"Administrator","image":{"@type":"ImageObject","inLanguage":"hr","@id":"https:\/\/castlepodsreda.com\/hr\/#\/schema\/person\/image\/","url":"https:\/\/secure.gravatar.com\/avatar\/1d9d2804165559256920cd8e4ed784aa?s=96&d=mm&r=g","contentUrl":"https:\/\/secure.gravatar.com\/avatar\/1d9d2804165559256920cd8e4ed784aa?s=96&d=mm&r=g","caption":"Administrator"},"sameAs":["https:\/\/www.castlepodsreda.com"]}]}},"_links":{"self":[{"href":"https:\/\/castlepodsreda.com\/hr\/wp-json\/wp\/v2\/posts\/37056"}],"collection":[{"href":"https:\/\/castlepodsreda.com\/hr\/wp-json\/wp\/v2\/posts"}],"about":[{"href":"https:\/\/castlepodsreda.com\/hr\/wp-json\/wp\/v2\/types\/post"}],"author":[{"embeddable":true,"href":"https:\/\/castlepodsreda.com\/hr\/wp-json\/wp\/v2\/users\/2"}],"replies":[{"embeddable":true,"href":"https:\/\/castlepodsreda.com\/hr\/wp-json\/wp\/v2\/comments?post=37056"}],"version-history":[{"count":2,"href":"https:\/\/castlepodsreda.com\/hr\/wp-json\/wp\/v2\/posts\/37056\/revisions"}],"predecessor-version":[{"id":37059,"href":"https:\/\/castlepodsreda.com\/hr\/wp-json\/wp\/v2\/posts\/37056\/revisions\/37059"}],"wp:featuredmedia":[{"embeddable":true,"href":"https:\/\/castlepodsreda.com\/hr\/wp-json\/wp\/v2\/media\/37047"}],"wp:attachment":[{"href":"https:\/\/castlepodsreda.com\/hr\/wp-json\/wp\/v2\/media?parent=37056"}],"wp:term":[{"taxonomy":"category","embeddable":true,"href":"https:\/\/castlepodsreda.com\/hr\/wp-json\/wp\/v2\/categories?post=37056"},{"taxonomy":"post_tag","embeddable":true,"href":"https:\/\/castlepodsreda.com\/hr\/wp-json\/wp\/v2\/tags?post=37056"}],"curies":[{"name":"wp","href":"https:\/\/api.w.org\/{rel}","templated":true}]}}