{"id":37106,"date":"2024-09-17T08:40:19","date_gmt":"2024-09-17T08:40:19","guid":{"rendered":"https:\/\/castlepodsreda.com\/?p=37106"},"modified":"2024-09-17T09:25:50","modified_gmt":"2024-09-17T09:25:50","slug":"vikend-meditacija-u-dvorcu-podsreda","status":"publish","type":"post","link":"https:\/\/castlepodsreda.com\/hr\/vikend-meditacija-u-dvorcu-podsreda\/","title":{"rendered":"VIKEND MEDITACIJA U DVORCU PODSREDA"},"content":{"rendered":"<h4>Prona\u0111ite unutarnji mir u zagrljaju zidina dvorca i netaknute prirode.<\/h4>\n<p>Kada ste posljednji put uzeli vrijeme za sebe, za svoju du\u0161u, mir i povezivanje sa srcem? Na\u0161 je \u017eivotni vijek ograni\u010den, zato je va\u017eno postaviti prioritete koji su temelj za ostvarenje na\u0161ih \u017eelja i namjera.<\/p>\n<p><strong>Pozivamo vas na izvanredan VIKEND MEDITACIJSKI ODMOR u jedinstvenom ambijentu dvorca Podsreda, smje\u0161tenom u srcu Kozjanskog parka, od subote, 21. rujna, do nedjelje, 22. rujna.<\/strong><\/p>\n<p>Ovaj vikend posve\u0107en vama dat \u0107e vam jasno\u0107u \u0161to je zaista va\u017eno, za\u0161to je va\u017eno povezivanje sa srcem i kako stvoriti va\u017enu distancu koja donosi slobodu. Tijekom dva dana \u0107emo se opu\u0161tati, povezivati, buditi pri\u010de srca i uranjati u dubine spoznaje vlastite biti.<\/p>\n<p>Smje\u0161taj je dostupan u novo obnovljenim jednokrevetnim, dvokrevetnim i vi\u0161ekrevetnim sobama. Vi\u0161e informacija o smje\u0161taju mo\u017eete prona\u0107i na poveznici: <a href=\"https:\/\/castlepodsreda.com\/namestitve\/\" target=\"_new\" rel=\"noopener\">Smje\u0161taj u dvorcu Podsreda<\/a>. Tako\u0111er imate mogu\u0107nost jednokrevetnih soba po povoljnoj cijeni u lova\u010dkoj ku\u0107i, koja je udaljena samo 2 minute hoda od dvorca.<\/p>\n<p>Doru\u010dak \u0107ete poslu\u017eiti iz ko\u0161are punjene lokalnim delicijama ili ga mo\u017eete odnijeti u svoju sobu. Ru\u010dkovi i ve\u010dere bit \u0107e zajedni\u010dki, s odabranim vegetarijanskim menijem, a po \u017eelji i prethodnom narud\u017ebom i veganski. U\u017eivati \u0107emo u lokalnim specijalitetima koje priprema iskusni kuhar.<\/p>\n<p>Meditacije \u0107e se odr\u017eavati u ti\u0161ini, uz zvuk, u mirnim polo\u017eajima, kroz pokret i hodanje. Zapo\u010det \u0107emo s jednostavnim tehnikama, a tijekom vikenda ih \u0107emo produbiti.<\/p>\n<p>Poseban gost bit \u0107e poznati govornik, slovenski sve\u0107enik dr. Karel Gr\u017ean, koji \u0107e govoriti o va\u017enosti meditacije, unutarnjoj povezanosti uma i srca te zdravoj distanci koja vodi prema nenavezanosti. Posjetit \u0107e nas i majstor za kristale i minerale Gregor Kraljevski, koji \u0107e odr\u017eati kratko predavanje o pravilnoj upotrebi i \u010di\u0161\u0107enju kristala, uz mogu\u0107nost pregleda i kupnje kristala.<\/p>\n<p>Vikend je planiran od subote u 8 sati do nedjelje do 16 sati. Pozivamo vas da do\u0111ete u petak poslijepodne kako biste se odmorili i prebacili na opu\u0161teno stanje. Tako \u0107e vikend imati kvalitetniji u\u010dinak.<\/p>\n<p><strong>VI\u0160E INFORMACIJA I PRIJAVE<\/strong>: <a href=\"https:\/\/ashajoga.si\/meditacijski-vikend-na-gradu\" target=\"_new\" rel=\"noopener\">ashajoga.si\/meditacijski-vikend-na-gradu<\/a><\/p>\n<p>Srda\u010dno vas pozivamo da do\u017eivite jedinstveno iskustvo vikend meditacije!<\/p>\n","protected":false},"excerpt":{"rendered":"<p>Pozivamo vas na izvanredan VIKEND MEDITACIJSKI ODMOR u jedinstvenom ambijentu dvorca Podsreda, smje\u0161tenom u srcu Kozjanskog parka, od subote, 21. rujna, do nedjelje, 22. rujna.<\/p>\n","protected":false},"author":2,"featured_media":33672,"comment_status":"open","ping_status":"open","sticky":false,"template":"","format":"standard","meta":[],"categories":[1777,1047,806],"tags":[],"yoast_head":"<!-- This site is optimized with the Yoast SEO plugin v19.14 - https:\/\/yoast.com\/wordpress\/plugins\/seo\/ -->\n<title>VIKEND MEDITACIJA U DVORCU PODSREDA | Grad Podsreda | Sobe in apartmaji | Grajska ponudba<\/title>\n<meta name=\"description\" content=\"Pozivamo vas na izvanredan VIKEND MEDITACIJSKI ODMOR u jedinstvenom ambijentu dvorca Podsreda, smje\u0161tenom u srcu Kozjanskog parka, od subote, 21. rujna, do nedjelje, 22. rujna.\" \/>\n<meta name=\"robots\" content=\"index, follow, max-snippet:-1, max-image-preview:large, max-video-preview:-1\" \/>\n<link rel=\"canonical\" href=\"https:\/\/castlepodsreda.com\/hr\/vikend-meditacija-u-dvorcu-podsreda\/\" \/>\n<meta property=\"og:locale\" content=\"hr_HR\" \/>\n<meta property=\"og:type\" content=\"article\" \/>\n<meta property=\"og:title\" content=\"VIKEND MEDITACIJA U DVORCU PODSREDA | Grad Podsreda | Sobe in apartmaji | Grajska ponudba\" \/>\n<meta property=\"og:description\" content=\"Pozivamo vas na izvanredan VIKEND MEDITACIJSKI ODMOR u jedinstvenom ambijentu dvorca Podsreda, smje\u0161tenom u srcu Kozjanskog parka, od subote, 21. rujna, do nedjelje, 22. rujna.\" \/>\n<meta property=\"og:url\" content=\"https:\/\/castlepodsreda.com\/hr\/vikend-meditacija-u-dvorcu-podsreda\/\" \/>\n<meta property=\"og:site_name\" content=\"Grad Podsreda | Sobe in apartmaji | Grajska ponudba\" \/>\n<meta property=\"article:publisher\" content=\"https:\/\/www.facebook.com\/podsredacastle\" \/>\n<meta property=\"article:published_time\" content=\"2024-09-17T08:40:19+00:00\" \/>\n<meta property=\"article:modified_time\" content=\"2024-09-17T09:25:50+00:00\" \/>\n<meta property=\"og:image\" content=\"https:\/\/castlepodsreda.com\/wp-content\/uploads\/2023\/06\/Grad-Podsreda_dozivetja_MEDITATIVNI-VIKEND-ODDIH_2023_september_dogodki-na-gradu.jpg\" \/>\n\t<meta property=\"og:image:width\" content=\"465\" \/>\n\t<meta property=\"og:image:height\" content=\"420\" \/>\n\t<meta property=\"og:image:type\" content=\"image\/jpeg\" \/>\n<meta name=\"author\" content=\"Administrator\" \/>\n<meta name=\"twitter:card\" content=\"summary_large_image\" \/>\n<meta name=\"twitter:label1\" content=\"Napisao\/la\" \/>\n\t<meta name=\"twitter:data1\" content=\"Administrator\" \/>\n\t<meta name=\"twitter:label2\" content=\"Procijenjeno vrijeme \u010ditanja\" \/>\n\t<meta name=\"twitter:data2\" content=\"2 minute\" \/>\n<script type=\"application\/ld+json\" class=\"yoast-schema-graph\">{\"@context\":\"https:\/\/schema.org\",\"@graph\":[{\"@type\":\"Article\",\"@id\":\"https:\/\/castlepodsreda.com\/hr\/vikend-meditacija-u-dvorcu-podsreda\/#article\",\"isPartOf\":{\"@id\":\"https:\/\/castlepodsreda.com\/hr\/vikend-meditacija-u-dvorcu-podsreda\/\"},\"author\":{\"name\":\"Administrator\",\"@id\":\"https:\/\/castlepodsreda.com\/hr\/#\/schema\/person\/198d485f44bf3a58695a9e70049ea060\"},\"headline\":\"VIKEND MEDITACIJA U DVORCU PODSREDA\",\"datePublished\":\"2024-09-17T08:40:19+00:00\",\"dateModified\":\"2024-09-17T09:25:50+00:00\",\"mainEntityOfPage\":{\"@id\":\"https:\/\/castlepodsreda.com\/hr\/vikend-meditacija-u-dvorcu-podsreda\/\"},\"wordCount\":382,\"commentCount\":0,\"publisher\":{\"@id\":\"https:\/\/castlepodsreda.com\/hr\/#organization\"},\"articleSection\":[\"DOGA\u0110AJI\",\"NOVOSTI\",\"Uncategorized @hr\"],\"inLanguage\":\"hr\",\"potentialAction\":[{\"@type\":\"CommentAction\",\"name\":\"Comment\",\"target\":[\"https:\/\/castlepodsreda.com\/hr\/vikend-meditacija-u-dvorcu-podsreda\/#respond\"]}]},{\"@type\":\"WebPage\",\"@id\":\"https:\/\/castlepodsreda.com\/hr\/vikend-meditacija-u-dvorcu-podsreda\/\",\"url\":\"https:\/\/castlepodsreda.com\/hr\/vikend-meditacija-u-dvorcu-podsreda\/\",\"name\":\"VIKEND MEDITACIJA U DVORCU PODSREDA | Grad Podsreda | Sobe in apartmaji | Grajska ponudba\",\"isPartOf\":{\"@id\":\"https:\/\/castlepodsreda.com\/hr\/#website\"},\"datePublished\":\"2024-09-17T08:40:19+00:00\",\"dateModified\":\"2024-09-17T09:25:50+00:00\",\"description\":\"Pozivamo vas na izvanredan VIKEND MEDITACIJSKI ODMOR u jedinstvenom ambijentu dvorca Podsreda, smje\u0161tenom u srcu Kozjanskog parka, od subote, 21. rujna, do nedjelje, 22. rujna.\",\"breadcrumb\":{\"@id\":\"https:\/\/castlepodsreda.com\/hr\/vikend-meditacija-u-dvorcu-podsreda\/#breadcrumb\"},\"inLanguage\":\"hr\",\"potentialAction\":[{\"@type\":\"ReadAction\",\"target\":[\"https:\/\/castlepodsreda.com\/hr\/vikend-meditacija-u-dvorcu-podsreda\/\"]}]},{\"@type\":\"BreadcrumbList\",\"@id\":\"https:\/\/castlepodsreda.com\/hr\/vikend-meditacija-u-dvorcu-podsreda\/#breadcrumb\",\"itemListElement\":[{\"@type\":\"ListItem\",\"position\":1,\"name\":\"Home\",\"item\":\"https:\/\/castlepodsreda.com\/hr\/\"},{\"@type\":\"ListItem\",\"position\":2,\"name\":\"VIKEND MEDITACIJA U DVORCU PODSREDA\"}]},{\"@type\":\"WebSite\",\"@id\":\"https:\/\/castlepodsreda.com\/hr\/#website\",\"url\":\"https:\/\/castlepodsreda.com\/hr\/\",\"name\":\"Grad Podsreda | Sobe in apartmaji | Grajska ponudba\",\"description\":\"Najbolj grajski med gradovi v Sloveniji\",\"publisher\":{\"@id\":\"https:\/\/castlepodsreda.com\/hr\/#organization\"},\"potentialAction\":[{\"@type\":\"SearchAction\",\"target\":{\"@type\":\"EntryPoint\",\"urlTemplate\":\"https:\/\/castlepodsreda.com\/hr\/?s={search_term_string}\"},\"query-input\":\"required name=search_term_string\"}],\"inLanguage\":\"hr\"},{\"@type\":\"Organization\",\"@id\":\"https:\/\/castlepodsreda.com\/hr\/#organization\",\"name\":\"Grad Podsreda | Sobe in apartmaji | Grajska ponudba\",\"url\":\"https:\/\/castlepodsreda.com\/hr\/\",\"logo\":{\"@type\":\"ImageObject\",\"inLanguage\":\"hr\",\"@id\":\"https:\/\/castlepodsreda.com\/hr\/#\/schema\/logo\/image\/\",\"url\":\"https:\/\/castlepodsreda.com\/wp-content\/uploads\/2020\/04\/logo-grad-podsreda-2.jpg\",\"contentUrl\":\"https:\/\/castlepodsreda.com\/wp-content\/uploads\/2020\/04\/logo-grad-podsreda-2.jpg\",\"width\":576,\"height\":576,\"caption\":\"Grad Podsreda | Sobe in apartmaji | Grajska ponudba\"},\"image\":{\"@id\":\"https:\/\/castlepodsreda.com\/hr\/#\/schema\/logo\/image\/\"},\"sameAs\":[\"https:\/\/www.instagram.com\/podsredacastle\/\",\"https:\/\/www.facebook.com\/podsredacastle\"]},{\"@type\":\"Person\",\"@id\":\"https:\/\/castlepodsreda.com\/hr\/#\/schema\/person\/198d485f44bf3a58695a9e70049ea060\",\"name\":\"Administrator\",\"image\":{\"@type\":\"ImageObject\",\"inLanguage\":\"hr\",\"@id\":\"https:\/\/castlepodsreda.com\/hr\/#\/schema\/person\/image\/\",\"url\":\"https:\/\/secure.gravatar.com\/avatar\/1d9d2804165559256920cd8e4ed784aa?s=96&d=mm&r=g\",\"contentUrl\":\"https:\/\/secure.gravatar.com\/avatar\/1d9d2804165559256920cd8e4ed784aa?s=96&d=mm&r=g\",\"caption\":\"Administrator\"},\"sameAs\":[\"https:\/\/www.castlepodsreda.com\"]}]}<\/script>\n<!-- \/ Yoast SEO plugin. -->","yoast_head_json":{"title":"VIKEND MEDITACIJA U DVORCU PODSREDA | Grad Podsreda | Sobe in apartmaji | Grajska ponudba","description":"Pozivamo vas na izvanredan VIKEND MEDITACIJSKI ODMOR u jedinstvenom ambijentu dvorca Podsreda, smje\u0161tenom u srcu Kozjanskog parka, od subote, 21. rujna, do nedjelje, 22. rujna.","robots":{"index":"index","follow":"follow","max-snippet":"max-snippet:-1","max-image-preview":"max-image-preview:large","max-video-preview":"max-video-preview:-1"},"canonical":"https:\/\/castlepodsreda.com\/hr\/vikend-meditacija-u-dvorcu-podsreda\/","og_locale":"hr_HR","og_type":"article","og_title":"VIKEND MEDITACIJA U DVORCU PODSREDA | Grad Podsreda | Sobe in apartmaji | Grajska ponudba","og_description":"Pozivamo vas na izvanredan VIKEND MEDITACIJSKI ODMOR u jedinstvenom ambijentu dvorca Podsreda, smje\u0161tenom u srcu Kozjanskog parka, od subote, 21. rujna, do nedjelje, 22. rujna.","og_url":"https:\/\/castlepodsreda.com\/hr\/vikend-meditacija-u-dvorcu-podsreda\/","og_site_name":"Grad Podsreda | Sobe in apartmaji | Grajska ponudba","article_publisher":"https:\/\/www.facebook.com\/podsredacastle","article_published_time":"2024-09-17T08:40:19+00:00","article_modified_time":"2024-09-17T09:25:50+00:00","og_image":[{"width":465,"height":420,"url":"https:\/\/castlepodsreda.com\/wp-content\/uploads\/2023\/06\/Grad-Podsreda_dozivetja_MEDITATIVNI-VIKEND-ODDIH_2023_september_dogodki-na-gradu.jpg","type":"image\/jpeg"}],"author":"Administrator","twitter_card":"summary_large_image","twitter_misc":{"Napisao\/la":"Administrator","Procijenjeno vrijeme \u010ditanja":"2 minute"},"schema":{"@context":"https:\/\/schema.org","@graph":[{"@type":"Article","@id":"https:\/\/castlepodsreda.com\/hr\/vikend-meditacija-u-dvorcu-podsreda\/#article","isPartOf":{"@id":"https:\/\/castlepodsreda.com\/hr\/vikend-meditacija-u-dvorcu-podsreda\/"},"author":{"name":"Administrator","@id":"https:\/\/castlepodsreda.com\/hr\/#\/schema\/person\/198d485f44bf3a58695a9e70049ea060"},"headline":"VIKEND MEDITACIJA U DVORCU PODSREDA","datePublished":"2024-09-17T08:40:19+00:00","dateModified":"2024-09-17T09:25:50+00:00","mainEntityOfPage":{"@id":"https:\/\/castlepodsreda.com\/hr\/vikend-meditacija-u-dvorcu-podsreda\/"},"wordCount":382,"commentCount":0,"publisher":{"@id":"https:\/\/castlepodsreda.com\/hr\/#organization"},"articleSection":["DOGA\u0110AJI","NOVOSTI","Uncategorized @hr"],"inLanguage":"hr","potentialAction":[{"@type":"CommentAction","name":"Comment","target":["https:\/\/castlepodsreda.com\/hr\/vikend-meditacija-u-dvorcu-podsreda\/#respond"]}]},{"@type":"WebPage","@id":"https:\/\/castlepodsreda.com\/hr\/vikend-meditacija-u-dvorcu-podsreda\/","url":"https:\/\/castlepodsreda.com\/hr\/vikend-meditacija-u-dvorcu-podsreda\/","name":"VIKEND MEDITACIJA U DVORCU PODSREDA | Grad Podsreda | Sobe in apartmaji | Grajska ponudba","isPartOf":{"@id":"https:\/\/castlepodsreda.com\/hr\/#website"},"datePublished":"2024-09-17T08:40:19+00:00","dateModified":"2024-09-17T09:25:50+00:00","description":"Pozivamo vas na izvanredan VIKEND MEDITACIJSKI ODMOR u jedinstvenom ambijentu dvorca Podsreda, smje\u0161tenom u srcu Kozjanskog parka, od subote, 21. rujna, do nedjelje, 22. rujna.","breadcrumb":{"@id":"https:\/\/castlepodsreda.com\/hr\/vikend-meditacija-u-dvorcu-podsreda\/#breadcrumb"},"inLanguage":"hr","potentialAction":[{"@type":"ReadAction","target":["https:\/\/castlepodsreda.com\/hr\/vikend-meditacija-u-dvorcu-podsreda\/"]}]},{"@type":"BreadcrumbList","@id":"https:\/\/castlepodsreda.com\/hr\/vikend-meditacija-u-dvorcu-podsreda\/#breadcrumb","itemListElement":[{"@type":"ListItem","position":1,"name":"Home","item":"https:\/\/castlepodsreda.com\/hr\/"},{"@type":"ListItem","position":2,"name":"VIKEND MEDITACIJA U DVORCU PODSREDA"}]},{"@type":"WebSite","@id":"https:\/\/castlepodsreda.com\/hr\/#website","url":"https:\/\/castlepodsreda.com\/hr\/","name":"Grad Podsreda | Sobe in apartmaji | Grajska ponudba","description":"Najbolj grajski med gradovi v Sloveniji","publisher":{"@id":"https:\/\/castlepodsreda.com\/hr\/#organization"},"potentialAction":[{"@type":"SearchAction","target":{"@type":"EntryPoint","urlTemplate":"https:\/\/castlepodsreda.com\/hr\/?s={search_term_string}"},"query-input":"required name=search_term_string"}],"inLanguage":"hr"},{"@type":"Organization","@id":"https:\/\/castlepodsreda.com\/hr\/#organization","name":"Grad Podsreda | Sobe in apartmaji | Grajska ponudba","url":"https:\/\/castlepodsreda.com\/hr\/","logo":{"@type":"ImageObject","inLanguage":"hr","@id":"https:\/\/castlepodsreda.com\/hr\/#\/schema\/logo\/image\/","url":"https:\/\/castlepodsreda.com\/wp-content\/uploads\/2020\/04\/logo-grad-podsreda-2.jpg","contentUrl":"https:\/\/castlepodsreda.com\/wp-content\/uploads\/2020\/04\/logo-grad-podsreda-2.jpg","width":576,"height":576,"caption":"Grad Podsreda | Sobe in apartmaji | Grajska ponudba"},"image":{"@id":"https:\/\/castlepodsreda.com\/hr\/#\/schema\/logo\/image\/"},"sameAs":["https:\/\/www.instagram.com\/podsredacastle\/","https:\/\/www.facebook.com\/podsredacastle"]},{"@type":"Person","@id":"https:\/\/castlepodsreda.com\/hr\/#\/schema\/person\/198d485f44bf3a58695a9e70049ea060","name":"Administrator","image":{"@type":"ImageObject","inLanguage":"hr","@id":"https:\/\/castlepodsreda.com\/hr\/#\/schema\/person\/image\/","url":"https:\/\/secure.gravatar.com\/avatar\/1d9d2804165559256920cd8e4ed784aa?s=96&d=mm&r=g","contentUrl":"https:\/\/secure.gravatar.com\/avatar\/1d9d2804165559256920cd8e4ed784aa?s=96&d=mm&r=g","caption":"Administrator"},"sameAs":["https:\/\/www.castlepodsreda.com"]}]}},"_links":{"self":[{"href":"https:\/\/castlepodsreda.com\/hr\/wp-json\/wp\/v2\/posts\/37106"}],"collection":[{"href":"https:\/\/castlepodsreda.com\/hr\/wp-json\/wp\/v2\/posts"}],"about":[{"href":"https:\/\/castlepodsreda.com\/hr\/wp-json\/wp\/v2\/types\/post"}],"author":[{"embeddable":true,"href":"https:\/\/castlepodsreda.com\/hr\/wp-json\/wp\/v2\/users\/2"}],"replies":[{"embeddable":true,"href":"https:\/\/castlepodsreda.com\/hr\/wp-json\/wp\/v2\/comments?post=37106"}],"version-history":[{"count":4,"href":"https:\/\/castlepodsreda.com\/hr\/wp-json\/wp\/v2\/posts\/37106\/revisions"}],"predecessor-version":[{"id":37111,"href":"https:\/\/castlepodsreda.com\/hr\/wp-json\/wp\/v2\/posts\/37106\/revisions\/37111"}],"wp:featuredmedia":[{"embeddable":true,"href":"https:\/\/castlepodsreda.com\/hr\/wp-json\/wp\/v2\/media\/33672"}],"wp:attachment":[{"href":"https:\/\/castlepodsreda.com\/hr\/wp-json\/wp\/v2\/media?parent=37106"}],"wp:term":[{"taxonomy":"category","embeddable":true,"href":"https:\/\/castlepodsreda.com\/hr\/wp-json\/wp\/v2\/categories?post=37106"},{"taxonomy":"post_tag","embeddable":true,"href":"https:\/\/castlepodsreda.com\/hr\/wp-json\/wp\/v2\/tags?post=37106"}],"curies":[{"name":"wp","href":"https:\/\/api.w.org\/{rel}","templated":true}]}}