{"id":37286,"date":"2024-10-29T09:36:07","date_gmt":"2024-10-29T09:36:07","guid":{"rendered":"https:\/\/castlepodsreda.com\/?p=37286"},"modified":"2024-10-29T11:36:13","modified_gmt":"2024-10-29T11:36:13","slug":"novo-jesensko-radno-vrijeme-na-dvorcu-podsreda","status":"publish","type":"post","link":"https:\/\/castlepodsreda.com\/hr\/novo-jesensko-radno-vrijeme-na-dvorcu-podsreda\/","title":{"rendered":"NOVO JESENSKO RADNO VRIJEME NA DVORCU PODSREDA"},"content":{"rendered":"<p>Dragi posjetitelji,<\/p>\n<p>Obavje\u0161tavamo vas da \u0107e, po\u010dev\u0161i od ponedjeljka, 28. listopada 2024., radno vrijeme Dvorca Podsreda biti prilago\u0111eno kra\u0107im jesenskim danima.<\/p>\n<h4>Dvorac \u0107e biti otvoren svaki dan od 10 do 16 sati, osim ponedjeljkom, kada \u0107e biti zatvoren. Dvorac \u0107e biti zatvoren i 1. studenog zbog blagdana.<\/h4>\n<h4>Posljednji tjedan rada Kafi\u0107a Dvorca Podsreda<\/h4>\n<p>Kafi\u0107 \u0107e biti otvoren samo do 3. studenog, nakon \u010dega se zatvara do toplijih dana. Pozivamo vas da iskoristite ove posljednje jesenske dane i u\u017eivate u opu\u0161tanju uz kavu s prekrasnim pogledom na okolicu dvorca.<\/p>\n<h4>\u0160to mo\u017eete do\u017eivjeti tijekom posjeta dvorcu?<\/h4>\n<p>&#8211; Razgledajte izlo\u017ebe dvorca i otkrijte bogatu povijest na\u0161ih prostora.<br \/>\n&#8211; Isprobajte &#8220;Lov na blago&#8221;, uzbudljivu avanturu koja vas vodi kroz skrivene kutke dvorca.<br \/>\n&#8211; Posjetite trgovinu lokalnih proizvoda i odaberite autenti\u010dne proizvode i rukotvorine iz Kozjanskog koje mo\u017eete ponijeti ku\u0107i.<br \/>\n&#8211; Upoznajte povijest dvorca kroz audio vo\u0111eni obilazak, koji vas vodi kroz sve glavne zanimljivosti Dvorca Podsreda.<br \/>\n&#8211; Posjetite Info centar Parka prirode Kozjansko, gdje mo\u017eete saznati vi\u0161e o prirodnoj i kulturnoj ba\u0161tini ovog prekrasnog kraja.<\/p>\n<h4>Uskoro novo iskustvo: &#8220;Pri\u010de Grofa Hladnog&#8221;<\/h4>\n<p>Ovo jedinstveno MR iskustvo o\u017eivljava duhove i pri\u010de iz pro\u0161losti dvorca na potpuno nov na\u010din. Pridru\u017eite nam se u ovoj tajanstvenoj i uzbudljivoj avanturi koja \u0107e obogatiti va\u0161e iskustvo dvorca.<\/p>\n<p>Pozivamo vas da u\u017eivate u jesenskom posjetu Dvorcu Podsreda, gdje vas o\u010dekuju bogata povijest i jedinstveni do\u017eivljaji. Radujemo se va\u0161em dolasku!<\/p>\n","protected":false},"excerpt":{"rendered":"<p>Dragi posjetitelji, Obavje\u0161tavamo vas da \u0107e, po\u010dev\u0161i od ponedjeljka, 28. listopada 2024., radno vrijeme Dvorca Podsreda biti prilago\u0111eno kra\u0107im jesenskim danima. Dvorac \u0107e biti otvoren svaki dan od 10 do 16 sati, osim ponedjeljkom, kada \u0107e biti zatvoren. Dvorac \u0107e biti zatvoren i 1. studenog zbog blagdana. Posljednji tjedan rada Kafi\u0107a Dvorca Podsreda Kafi\u0107 \u0107e [&hellip;]<\/p>\n","protected":false},"author":2,"featured_media":30792,"comment_status":"open","ping_status":"open","sticky":false,"template":"","format":"standard","meta":[],"categories":[1047,806],"tags":[],"yoast_head":"<!-- This site is optimized with the Yoast SEO plugin v19.14 - https:\/\/yoast.com\/wordpress\/plugins\/seo\/ -->\n<title>NOVO JESENSKO RADNO VRIJEME NA DVORCU PODSREDA | Grad Podsreda | Sobe in apartmaji | Grajska ponudba<\/title>\n<meta name=\"robots\" content=\"index, follow, max-snippet:-1, max-image-preview:large, max-video-preview:-1\" \/>\n<link rel=\"canonical\" href=\"https:\/\/castlepodsreda.com\/hr\/novo-jesensko-radno-vrijeme-na-dvorcu-podsreda\/\" \/>\n<meta property=\"og:locale\" content=\"hr_HR\" \/>\n<meta property=\"og:type\" content=\"article\" \/>\n<meta property=\"og:title\" content=\"NOVO JESENSKO RADNO VRIJEME NA DVORCU PODSREDA | Grad Podsreda | Sobe in apartmaji | Grajska ponudba\" \/>\n<meta property=\"og:description\" content=\"Dragi posjetitelji, Obavje\u0161tavamo vas da \u0107e, po\u010dev\u0161i od ponedjeljka, 28. listopada 2024., radno vrijeme Dvorca Podsreda biti prilago\u0111eno kra\u0107im jesenskim danima. Dvorac \u0107e biti otvoren svaki dan od 10 do 16 sati, osim ponedjeljkom, kada \u0107e biti zatvoren. Dvorac \u0107e biti zatvoren i 1. studenog zbog blagdana. Posljednji tjedan rada Kafi\u0107a Dvorca Podsreda Kafi\u0107 \u0107e [&hellip;]\" \/>\n<meta property=\"og:url\" content=\"https:\/\/castlepodsreda.com\/hr\/novo-jesensko-radno-vrijeme-na-dvorcu-podsreda\/\" \/>\n<meta property=\"og:site_name\" content=\"Grad Podsreda | Sobe in apartmaji | Grajska ponudba\" \/>\n<meta property=\"article:publisher\" content=\"https:\/\/www.facebook.com\/podsredacastle\" \/>\n<meta property=\"article:published_time\" content=\"2024-10-29T09:36:07+00:00\" \/>\n<meta property=\"article:modified_time\" content=\"2024-10-29T11:36:13+00:00\" \/>\n<meta property=\"og:image\" content=\"https:\/\/castlepodsreda.com\/wp-content\/uploads\/2021\/09\/GRAD-ODPIRALNI-\u010cAS_naslovna-slika.jpg\" \/>\n\t<meta property=\"og:image:width\" content=\"465\" \/>\n\t<meta property=\"og:image:height\" content=\"420\" \/>\n\t<meta property=\"og:image:type\" content=\"image\/jpeg\" \/>\n<meta name=\"author\" content=\"Administrator\" \/>\n<meta name=\"twitter:card\" content=\"summary_large_image\" \/>\n<meta name=\"twitter:label1\" content=\"Napisao\/la\" \/>\n\t<meta name=\"twitter:data1\" content=\"Administrator\" \/>\n\t<meta name=\"twitter:label2\" content=\"Procijenjeno vrijeme \u010ditanja\" \/>\n\t<meta name=\"twitter:data2\" content=\"2 minute\" \/>\n<script type=\"application\/ld+json\" class=\"yoast-schema-graph\">{\"@context\":\"https:\/\/schema.org\",\"@graph\":[{\"@type\":\"Article\",\"@id\":\"https:\/\/castlepodsreda.com\/hr\/novo-jesensko-radno-vrijeme-na-dvorcu-podsreda\/#article\",\"isPartOf\":{\"@id\":\"https:\/\/castlepodsreda.com\/hr\/novo-jesensko-radno-vrijeme-na-dvorcu-podsreda\/\"},\"author\":{\"name\":\"Administrator\",\"@id\":\"https:\/\/castlepodsreda.com\/hr\/#\/schema\/person\/198d485f44bf3a58695a9e70049ea060\"},\"headline\":\"NOVO JESENSKO RADNO VRIJEME NA DVORCU PODSREDA\",\"datePublished\":\"2024-10-29T09:36:07+00:00\",\"dateModified\":\"2024-10-29T11:36:13+00:00\",\"mainEntityOfPage\":{\"@id\":\"https:\/\/castlepodsreda.com\/hr\/novo-jesensko-radno-vrijeme-na-dvorcu-podsreda\/\"},\"wordCount\":259,\"commentCount\":0,\"publisher\":{\"@id\":\"https:\/\/castlepodsreda.com\/hr\/#organization\"},\"articleSection\":[\"NOVOSTI\",\"Uncategorized @hr\"],\"inLanguage\":\"hr\",\"potentialAction\":[{\"@type\":\"CommentAction\",\"name\":\"Comment\",\"target\":[\"https:\/\/castlepodsreda.com\/hr\/novo-jesensko-radno-vrijeme-na-dvorcu-podsreda\/#respond\"]}]},{\"@type\":\"WebPage\",\"@id\":\"https:\/\/castlepodsreda.com\/hr\/novo-jesensko-radno-vrijeme-na-dvorcu-podsreda\/\",\"url\":\"https:\/\/castlepodsreda.com\/hr\/novo-jesensko-radno-vrijeme-na-dvorcu-podsreda\/\",\"name\":\"NOVO JESENSKO RADNO VRIJEME NA DVORCU PODSREDA | Grad Podsreda | Sobe in apartmaji | Grajska ponudba\",\"isPartOf\":{\"@id\":\"https:\/\/castlepodsreda.com\/hr\/#website\"},\"datePublished\":\"2024-10-29T09:36:07+00:00\",\"dateModified\":\"2024-10-29T11:36:13+00:00\",\"breadcrumb\":{\"@id\":\"https:\/\/castlepodsreda.com\/hr\/novo-jesensko-radno-vrijeme-na-dvorcu-podsreda\/#breadcrumb\"},\"inLanguage\":\"hr\",\"potentialAction\":[{\"@type\":\"ReadAction\",\"target\":[\"https:\/\/castlepodsreda.com\/hr\/novo-jesensko-radno-vrijeme-na-dvorcu-podsreda\/\"]}]},{\"@type\":\"BreadcrumbList\",\"@id\":\"https:\/\/castlepodsreda.com\/hr\/novo-jesensko-radno-vrijeme-na-dvorcu-podsreda\/#breadcrumb\",\"itemListElement\":[{\"@type\":\"ListItem\",\"position\":1,\"name\":\"Home\",\"item\":\"https:\/\/castlepodsreda.com\/hr\/\"},{\"@type\":\"ListItem\",\"position\":2,\"name\":\"NOVO JESENSKO RADNO VRIJEME NA DVORCU PODSREDA\"}]},{\"@type\":\"WebSite\",\"@id\":\"https:\/\/castlepodsreda.com\/hr\/#website\",\"url\":\"https:\/\/castlepodsreda.com\/hr\/\",\"name\":\"Grad Podsreda | Sobe in apartmaji | Grajska ponudba\",\"description\":\"Najbolj grajski med gradovi v Sloveniji\",\"publisher\":{\"@id\":\"https:\/\/castlepodsreda.com\/hr\/#organization\"},\"potentialAction\":[{\"@type\":\"SearchAction\",\"target\":{\"@type\":\"EntryPoint\",\"urlTemplate\":\"https:\/\/castlepodsreda.com\/hr\/?s={search_term_string}\"},\"query-input\":\"required name=search_term_string\"}],\"inLanguage\":\"hr\"},{\"@type\":\"Organization\",\"@id\":\"https:\/\/castlepodsreda.com\/hr\/#organization\",\"name\":\"Grad Podsreda | Sobe in apartmaji | Grajska ponudba\",\"url\":\"https:\/\/castlepodsreda.com\/hr\/\",\"logo\":{\"@type\":\"ImageObject\",\"inLanguage\":\"hr\",\"@id\":\"https:\/\/castlepodsreda.com\/hr\/#\/schema\/logo\/image\/\",\"url\":\"https:\/\/castlepodsreda.com\/wp-content\/uploads\/2020\/04\/logo-grad-podsreda-2.jpg\",\"contentUrl\":\"https:\/\/castlepodsreda.com\/wp-content\/uploads\/2020\/04\/logo-grad-podsreda-2.jpg\",\"width\":576,\"height\":576,\"caption\":\"Grad Podsreda | Sobe in apartmaji | Grajska ponudba\"},\"image\":{\"@id\":\"https:\/\/castlepodsreda.com\/hr\/#\/schema\/logo\/image\/\"},\"sameAs\":[\"https:\/\/www.instagram.com\/podsredacastle\/\",\"https:\/\/www.facebook.com\/podsredacastle\"]},{\"@type\":\"Person\",\"@id\":\"https:\/\/castlepodsreda.com\/hr\/#\/schema\/person\/198d485f44bf3a58695a9e70049ea060\",\"name\":\"Administrator\",\"image\":{\"@type\":\"ImageObject\",\"inLanguage\":\"hr\",\"@id\":\"https:\/\/castlepodsreda.com\/hr\/#\/schema\/person\/image\/\",\"url\":\"https:\/\/secure.gravatar.com\/avatar\/1d9d2804165559256920cd8e4ed784aa?s=96&d=mm&r=g\",\"contentUrl\":\"https:\/\/secure.gravatar.com\/avatar\/1d9d2804165559256920cd8e4ed784aa?s=96&d=mm&r=g\",\"caption\":\"Administrator\"},\"sameAs\":[\"https:\/\/www.castlepodsreda.com\"]}]}<\/script>\n<!-- \/ Yoast SEO plugin. -->","yoast_head_json":{"title":"NOVO JESENSKO RADNO VRIJEME NA DVORCU PODSREDA | Grad Podsreda | Sobe in apartmaji | Grajska ponudba","robots":{"index":"index","follow":"follow","max-snippet":"max-snippet:-1","max-image-preview":"max-image-preview:large","max-video-preview":"max-video-preview:-1"},"canonical":"https:\/\/castlepodsreda.com\/hr\/novo-jesensko-radno-vrijeme-na-dvorcu-podsreda\/","og_locale":"hr_HR","og_type":"article","og_title":"NOVO JESENSKO RADNO VRIJEME NA DVORCU PODSREDA | Grad Podsreda | Sobe in apartmaji | Grajska ponudba","og_description":"Dragi posjetitelji, Obavje\u0161tavamo vas da \u0107e, po\u010dev\u0161i od ponedjeljka, 28. listopada 2024., radno vrijeme Dvorca Podsreda biti prilago\u0111eno kra\u0107im jesenskim danima. Dvorac \u0107e biti otvoren svaki dan od 10 do 16 sati, osim ponedjeljkom, kada \u0107e biti zatvoren. Dvorac \u0107e biti zatvoren i 1. studenog zbog blagdana. Posljednji tjedan rada Kafi\u0107a Dvorca Podsreda Kafi\u0107 \u0107e [&hellip;]","og_url":"https:\/\/castlepodsreda.com\/hr\/novo-jesensko-radno-vrijeme-na-dvorcu-podsreda\/","og_site_name":"Grad Podsreda | Sobe in apartmaji | Grajska ponudba","article_publisher":"https:\/\/www.facebook.com\/podsredacastle","article_published_time":"2024-10-29T09:36:07+00:00","article_modified_time":"2024-10-29T11:36:13+00:00","og_image":[{"width":465,"height":420,"url":"https:\/\/castlepodsreda.com\/wp-content\/uploads\/2021\/09\/GRAD-ODPIRALNI-\u010cAS_naslovna-slika.jpg","type":"image\/jpeg"}],"author":"Administrator","twitter_card":"summary_large_image","twitter_misc":{"Napisao\/la":"Administrator","Procijenjeno vrijeme \u010ditanja":"2 minute"},"schema":{"@context":"https:\/\/schema.org","@graph":[{"@type":"Article","@id":"https:\/\/castlepodsreda.com\/hr\/novo-jesensko-radno-vrijeme-na-dvorcu-podsreda\/#article","isPartOf":{"@id":"https:\/\/castlepodsreda.com\/hr\/novo-jesensko-radno-vrijeme-na-dvorcu-podsreda\/"},"author":{"name":"Administrator","@id":"https:\/\/castlepodsreda.com\/hr\/#\/schema\/person\/198d485f44bf3a58695a9e70049ea060"},"headline":"NOVO JESENSKO RADNO VRIJEME NA DVORCU PODSREDA","datePublished":"2024-10-29T09:36:07+00:00","dateModified":"2024-10-29T11:36:13+00:00","mainEntityOfPage":{"@id":"https:\/\/castlepodsreda.com\/hr\/novo-jesensko-radno-vrijeme-na-dvorcu-podsreda\/"},"wordCount":259,"commentCount":0,"publisher":{"@id":"https:\/\/castlepodsreda.com\/hr\/#organization"},"articleSection":["NOVOSTI","Uncategorized @hr"],"inLanguage":"hr","potentialAction":[{"@type":"CommentAction","name":"Comment","target":["https:\/\/castlepodsreda.com\/hr\/novo-jesensko-radno-vrijeme-na-dvorcu-podsreda\/#respond"]}]},{"@type":"WebPage","@id":"https:\/\/castlepodsreda.com\/hr\/novo-jesensko-radno-vrijeme-na-dvorcu-podsreda\/","url":"https:\/\/castlepodsreda.com\/hr\/novo-jesensko-radno-vrijeme-na-dvorcu-podsreda\/","name":"NOVO JESENSKO RADNO VRIJEME NA DVORCU PODSREDA | Grad Podsreda | Sobe in apartmaji | Grajska ponudba","isPartOf":{"@id":"https:\/\/castlepodsreda.com\/hr\/#website"},"datePublished":"2024-10-29T09:36:07+00:00","dateModified":"2024-10-29T11:36:13+00:00","breadcrumb":{"@id":"https:\/\/castlepodsreda.com\/hr\/novo-jesensko-radno-vrijeme-na-dvorcu-podsreda\/#breadcrumb"},"inLanguage":"hr","potentialAction":[{"@type":"ReadAction","target":["https:\/\/castlepodsreda.com\/hr\/novo-jesensko-radno-vrijeme-na-dvorcu-podsreda\/"]}]},{"@type":"BreadcrumbList","@id":"https:\/\/castlepodsreda.com\/hr\/novo-jesensko-radno-vrijeme-na-dvorcu-podsreda\/#breadcrumb","itemListElement":[{"@type":"ListItem","position":1,"name":"Home","item":"https:\/\/castlepodsreda.com\/hr\/"},{"@type":"ListItem","position":2,"name":"NOVO JESENSKO RADNO VRIJEME NA DVORCU PODSREDA"}]},{"@type":"WebSite","@id":"https:\/\/castlepodsreda.com\/hr\/#website","url":"https:\/\/castlepodsreda.com\/hr\/","name":"Grad Podsreda | Sobe in apartmaji | Grajska ponudba","description":"Najbolj grajski med gradovi v Sloveniji","publisher":{"@id":"https:\/\/castlepodsreda.com\/hr\/#organization"},"potentialAction":[{"@type":"SearchAction","target":{"@type":"EntryPoint","urlTemplate":"https:\/\/castlepodsreda.com\/hr\/?s={search_term_string}"},"query-input":"required name=search_term_string"}],"inLanguage":"hr"},{"@type":"Organization","@id":"https:\/\/castlepodsreda.com\/hr\/#organization","name":"Grad Podsreda | Sobe in apartmaji | Grajska ponudba","url":"https:\/\/castlepodsreda.com\/hr\/","logo":{"@type":"ImageObject","inLanguage":"hr","@id":"https:\/\/castlepodsreda.com\/hr\/#\/schema\/logo\/image\/","url":"https:\/\/castlepodsreda.com\/wp-content\/uploads\/2020\/04\/logo-grad-podsreda-2.jpg","contentUrl":"https:\/\/castlepodsreda.com\/wp-content\/uploads\/2020\/04\/logo-grad-podsreda-2.jpg","width":576,"height":576,"caption":"Grad Podsreda | Sobe in apartmaji | Grajska ponudba"},"image":{"@id":"https:\/\/castlepodsreda.com\/hr\/#\/schema\/logo\/image\/"},"sameAs":["https:\/\/www.instagram.com\/podsredacastle\/","https:\/\/www.facebook.com\/podsredacastle"]},{"@type":"Person","@id":"https:\/\/castlepodsreda.com\/hr\/#\/schema\/person\/198d485f44bf3a58695a9e70049ea060","name":"Administrator","image":{"@type":"ImageObject","inLanguage":"hr","@id":"https:\/\/castlepodsreda.com\/hr\/#\/schema\/person\/image\/","url":"https:\/\/secure.gravatar.com\/avatar\/1d9d2804165559256920cd8e4ed784aa?s=96&d=mm&r=g","contentUrl":"https:\/\/secure.gravatar.com\/avatar\/1d9d2804165559256920cd8e4ed784aa?s=96&d=mm&r=g","caption":"Administrator"},"sameAs":["https:\/\/www.castlepodsreda.com"]}]}},"_links":{"self":[{"href":"https:\/\/castlepodsreda.com\/hr\/wp-json\/wp\/v2\/posts\/37286"}],"collection":[{"href":"https:\/\/castlepodsreda.com\/hr\/wp-json\/wp\/v2\/posts"}],"about":[{"href":"https:\/\/castlepodsreda.com\/hr\/wp-json\/wp\/v2\/types\/post"}],"author":[{"embeddable":true,"href":"https:\/\/castlepodsreda.com\/hr\/wp-json\/wp\/v2\/users\/2"}],"replies":[{"embeddable":true,"href":"https:\/\/castlepodsreda.com\/hr\/wp-json\/wp\/v2\/comments?post=37286"}],"version-history":[{"count":2,"href":"https:\/\/castlepodsreda.com\/hr\/wp-json\/wp\/v2\/posts\/37286\/revisions"}],"predecessor-version":[{"id":37288,"href":"https:\/\/castlepodsreda.com\/hr\/wp-json\/wp\/v2\/posts\/37286\/revisions\/37288"}],"wp:featuredmedia":[{"embeddable":true,"href":"https:\/\/castlepodsreda.com\/hr\/wp-json\/wp\/v2\/media\/30792"}],"wp:attachment":[{"href":"https:\/\/castlepodsreda.com\/hr\/wp-json\/wp\/v2\/media?parent=37286"}],"wp:term":[{"taxonomy":"category","embeddable":true,"href":"https:\/\/castlepodsreda.com\/hr\/wp-json\/wp\/v2\/categories?post=37286"},{"taxonomy":"post_tag","embeddable":true,"href":"https:\/\/castlepodsreda.com\/hr\/wp-json\/wp\/v2\/tags?post=37286"}],"curies":[{"name":"wp","href":"https:\/\/api.w.org\/{rel}","templated":true}]}}