{"id":37622,"date":"2024-12-21T22:22:14","date_gmt":"2024-12-21T22:22:14","guid":{"rendered":"https:\/\/castlepodsreda.com\/?p=37622"},"modified":"2024-12-21T22:39:14","modified_gmt":"2024-12-21T22:39:14","slug":"zelena-buducnost-na-dvorcu-podsreda-sluzbena-dodjela-znaka-slovenia-green","status":"publish","type":"post","link":"https:\/\/castlepodsreda.com\/hr\/zelena-buducnost-na-dvorcu-podsreda-sluzbena-dodjela-znaka-slovenia-green\/","title":{"rendered":"ZELENA BUDU\u0106NOST NA DVORCU PODSREDA: SLU\u017dBENA DODJELA ZNAKA SLOVENIA GREEN"},"content":{"rendered":"<p>[vc_row][vc_column][vc_column_text]Dvorac Podsreda primio je plaketu <strong>Slovenia Green<\/strong> na Danima slovenskog turizma<\/p>\n<p>Pro\u0161le godine, dvorac Podsreda ponosno je postao nositelj presti\u017enog znaka <strong>Slovenia Green<\/strong>, pridru\u017eiv\u0161i se <strong>Zelenoj shemi slovenskog turizma<\/strong>. Ju\u010der, 19. studenog 2024., slu\u017ebeno smo primili plaketu Slovenia Green na <strong>Danima slovenskog turizma u La\u0161kom<\/strong>, dodatno nagla\u0161avaju\u0107i na\u0161u predanost odr\u017eivim na\u010delima.<\/p>\n<p>Plaketu su uru\u010dili ministar gospodarstva, turizma i sporta, g. <strong>Matja\u017e Han<\/strong>, i direktorica Slovenske turisti\u010dke organizacije, g\u0111a. <strong>Maja Pak Olaj<\/strong>. Primile su je g\u0111a. <strong>Milenca Krajnc<\/strong>, na\u010delnica Op\u0107ine Kozje i vlasnica Dvorca Podsreda, te g\u0111a. <strong>Nina Gabron<\/strong>, predstavnica Kozjanskog parka, koji upravlja dvorcem i imao klju\u010dnu ulogu u dobivanju ovog presti\u017enog priznanja.<\/p>\n<p>Dvorac Podsreda te njegove sobe i apartmani ispunili su klju\u010dni uvjet za ulazak u Zelenu shemu dobivanjem certifikata <strong>GREEN KEY<\/strong> 2023. godine. Prihva\u0107anjem <strong>Zelene obveze slovenskog turizma<\/strong> obvezali smo se na odgovoran i odr\u017eiv razvoj uz stalno unapre\u0111enje svojih praksi.<\/p>\n<p>U studenom pro\u0161le godine primili smo znak <strong>Slovenia Green Attraction<\/strong> za Dvorac Podsreda, \u010dime je postao prva zelena atrakcija \u0161ire regije Savinja i jedna od 15 zelenih turisti\u010dkih znamenitosti u Sloveniji. <strong>Sobe i apartmani na Dvorcu Podsreda<\/strong> pridru\u017eili su se izabranim zelenim smje\u0161tajima u destinaciji Pod\u010detrtek i diljem Slovenije.<\/p>\n<p>Ova priznanja isti\u010du na\u0161u predanost odr\u017eivom upravljanju i odgovornom razvoju turizma. Kozjanski park, koji upravlja Dvorcem Podsreda, od 2017. je \u010dlan obitelji <strong>Slovenia Green Park<\/strong>, pridonose\u0107i o\u010duvanju prirodne i kulturne ba\u0161tine.<\/p>\n<p>Zelena shema slovenskog turizma pru\u017ea nositeljima znaka stru\u010dnu podr\u0161ku za razvoj odr\u017eivih praksi te ve\u0107u vidljivost, podi\u017eu\u0107i svijest o va\u017enosti odr\u017eivog turizma.<\/p>\n<p>Na Dvorcu Podsreda i u Kozjanskom parku nastavit \u0107emo unapre\u0111ivati svoje odr\u017eive inicijative te pridonositi o\u010duvanju prirodnog okoli\u0161a uz stvaranje odgovornih turisti\u010dkih do\u017eivljaja za sve generacije.<\/p>\n<p>Pozivamo vas da nas posjetite i do\u017eivite \u010darobnu povezanost prirode, kulture i odr\u017eivosti u na\u0161em zelenom zagrljaju.[\/vc_column_text][\/vc_column][\/vc_row][vc_row][vc_column width=&#8221;1\/2&#8243;][vc_single_image image=&#8221;37607&#8243; img_size=&#8221;full&#8221; alignment=&#8221;center&#8221;][\/vc_column][vc_column width=&#8221;1\/2&#8243;][vc_single_image image=&#8221;37604&#8243; img_size=&#8221;full&#8221; alignment=&#8221;center&#8221;][\/vc_column][\/vc_row]<\/p>\n","protected":false},"excerpt":{"rendered":"<p>Dvorac Podsreda primio je plaketu Slovenia Green na Danima slovenskog turizma, \u010dime je potvr\u0111ena na\u0161a predanost odr\u017eivom turizmu i o\u010duvanju prirode kao prve zelene atrakcije \u0161ire regije Savinja.<\/p>\n","protected":false},"author":2,"featured_media":37612,"comment_status":"open","ping_status":"open","sticky":false,"template":"","format":"standard","meta":[],"categories":[1047,806],"tags":[],"yoast_head":"<!-- This site is optimized with the Yoast SEO plugin v19.14 - https:\/\/yoast.com\/wordpress\/plugins\/seo\/ -->\n<title>ZELENA BUDU\u0106NOST NA DVORCU PODSREDA: SLU\u017dBENA DODJELA ZNAKA SLOVENIA GREEN | Grad Podsreda | Sobe in apartmaji | Grajska ponudba<\/title>\n<meta name=\"description\" content=\"Dvorac Podsreda primio je plaketu Slovenia Green na Danima slovenskog turizma, \u010dime je potvr\u0111ena na\u0161a predanost odr\u017eivom turizmu i o\u010duvanju prirode kao prve zelene atrakcije \u0161ire regije Savinja.\" \/>\n<meta name=\"robots\" content=\"index, follow, max-snippet:-1, max-image-preview:large, max-video-preview:-1\" \/>\n<link rel=\"canonical\" href=\"https:\/\/castlepodsreda.com\/hr\/zelena-buducnost-na-dvorcu-podsreda-sluzbena-dodjela-znaka-slovenia-green\/\" \/>\n<meta property=\"og:locale\" content=\"hr_HR\" \/>\n<meta property=\"og:type\" content=\"article\" \/>\n<meta property=\"og:title\" content=\"ZELENA BUDU\u0106NOST NA DVORCU PODSREDA: SLU\u017dBENA DODJELA ZNAKA SLOVENIA GREEN | Grad Podsreda | Sobe in apartmaji | Grajska ponudba\" \/>\n<meta property=\"og:description\" content=\"Dvorac Podsreda primio je plaketu Slovenia Green na Danima slovenskog turizma, \u010dime je potvr\u0111ena na\u0161a predanost odr\u017eivom turizmu i o\u010duvanju prirode kao prve zelene atrakcije \u0161ire regije Savinja.\" \/>\n<meta property=\"og:url\" content=\"https:\/\/castlepodsreda.com\/hr\/zelena-buducnost-na-dvorcu-podsreda-sluzbena-dodjela-znaka-slovenia-green\/\" \/>\n<meta property=\"og:site_name\" content=\"Grad Podsreda | Sobe in apartmaji | Grajska ponudba\" \/>\n<meta property=\"article:publisher\" content=\"https:\/\/www.facebook.com\/podsredacastle\" \/>\n<meta property=\"article:published_time\" content=\"2024-12-21T22:22:14+00:00\" \/>\n<meta property=\"article:modified_time\" content=\"2024-12-21T22:39:14+00:00\" \/>\n<meta property=\"og:image\" content=\"https:\/\/castlepodsreda.com\/wp-content\/uploads\/2024\/12\/ZELENA-PRIHODNOST-NA-GRADU-PODSREDA_SLAVNOSTNA-PODELITEV-ZNAKA-SLOVENIA-GREEN_1.jpg\" \/>\n\t<meta property=\"og:image:width\" content=\"1125\" \/>\n\t<meta property=\"og:image:height\" content=\"1017\" \/>\n\t<meta property=\"og:image:type\" content=\"image\/jpeg\" \/>\n<meta name=\"author\" content=\"Administrator\" \/>\n<meta name=\"twitter:card\" content=\"summary_large_image\" \/>\n<meta name=\"twitter:label1\" content=\"Napisao\/la\" \/>\n\t<meta name=\"twitter:data1\" content=\"Administrator\" \/>\n\t<meta name=\"twitter:label2\" content=\"Procijenjeno vrijeme \u010ditanja\" \/>\n\t<meta name=\"twitter:data2\" content=\"2 minute\" \/>\n<script type=\"application\/ld+json\" class=\"yoast-schema-graph\">{\"@context\":\"https:\/\/schema.org\",\"@graph\":[{\"@type\":\"Article\",\"@id\":\"https:\/\/castlepodsreda.com\/hr\/zelena-buducnost-na-dvorcu-podsreda-sluzbena-dodjela-znaka-slovenia-green\/#article\",\"isPartOf\":{\"@id\":\"https:\/\/castlepodsreda.com\/hr\/zelena-buducnost-na-dvorcu-podsreda-sluzbena-dodjela-znaka-slovenia-green\/\"},\"author\":{\"name\":\"Administrator\",\"@id\":\"https:\/\/castlepodsreda.com\/hr\/#\/schema\/person\/198d485f44bf3a58695a9e70049ea060\"},\"headline\":\"ZELENA BUDU\u0106NOST NA DVORCU PODSREDA: SLU\u017dBENA DODJELA ZNAKA SLOVENIA GREEN\",\"datePublished\":\"2024-12-21T22:22:14+00:00\",\"dateModified\":\"2024-12-21T22:39:14+00:00\",\"mainEntityOfPage\":{\"@id\":\"https:\/\/castlepodsreda.com\/hr\/zelena-buducnost-na-dvorcu-podsreda-sluzbena-dodjela-znaka-slovenia-green\/\"},\"wordCount\":395,\"commentCount\":0,\"publisher\":{\"@id\":\"https:\/\/castlepodsreda.com\/hr\/#organization\"},\"articleSection\":[\"NOVOSTI\",\"Uncategorized @hr\"],\"inLanguage\":\"hr\",\"potentialAction\":[{\"@type\":\"CommentAction\",\"name\":\"Comment\",\"target\":[\"https:\/\/castlepodsreda.com\/hr\/zelena-buducnost-na-dvorcu-podsreda-sluzbena-dodjela-znaka-slovenia-green\/#respond\"]}]},{\"@type\":\"WebPage\",\"@id\":\"https:\/\/castlepodsreda.com\/hr\/zelena-buducnost-na-dvorcu-podsreda-sluzbena-dodjela-znaka-slovenia-green\/\",\"url\":\"https:\/\/castlepodsreda.com\/hr\/zelena-buducnost-na-dvorcu-podsreda-sluzbena-dodjela-znaka-slovenia-green\/\",\"name\":\"ZELENA BUDU\u0106NOST NA DVORCU PODSREDA: SLU\u017dBENA DODJELA ZNAKA SLOVENIA GREEN | Grad Podsreda | Sobe in apartmaji | Grajska ponudba\",\"isPartOf\":{\"@id\":\"https:\/\/castlepodsreda.com\/hr\/#website\"},\"datePublished\":\"2024-12-21T22:22:14+00:00\",\"dateModified\":\"2024-12-21T22:39:14+00:00\",\"description\":\"Dvorac Podsreda primio je plaketu Slovenia Green na Danima slovenskog turizma, \u010dime je potvr\u0111ena na\u0161a predanost odr\u017eivom turizmu i o\u010duvanju prirode kao prve zelene atrakcije \u0161ire regije Savinja.\",\"breadcrumb\":{\"@id\":\"https:\/\/castlepodsreda.com\/hr\/zelena-buducnost-na-dvorcu-podsreda-sluzbena-dodjela-znaka-slovenia-green\/#breadcrumb\"},\"inLanguage\":\"hr\",\"potentialAction\":[{\"@type\":\"ReadAction\",\"target\":[\"https:\/\/castlepodsreda.com\/hr\/zelena-buducnost-na-dvorcu-podsreda-sluzbena-dodjela-znaka-slovenia-green\/\"]}]},{\"@type\":\"BreadcrumbList\",\"@id\":\"https:\/\/castlepodsreda.com\/hr\/zelena-buducnost-na-dvorcu-podsreda-sluzbena-dodjela-znaka-slovenia-green\/#breadcrumb\",\"itemListElement\":[{\"@type\":\"ListItem\",\"position\":1,\"name\":\"Home\",\"item\":\"https:\/\/castlepodsreda.com\/hr\/\"},{\"@type\":\"ListItem\",\"position\":2,\"name\":\"ZELENA BUDU\u0106NOST NA DVORCU PODSREDA: SLU\u017dBENA DODJELA ZNAKA SLOVENIA GREEN\"}]},{\"@type\":\"WebSite\",\"@id\":\"https:\/\/castlepodsreda.com\/hr\/#website\",\"url\":\"https:\/\/castlepodsreda.com\/hr\/\",\"name\":\"Grad Podsreda | Sobe in apartmaji | Grajska ponudba\",\"description\":\"Najbolj grajski med gradovi v Sloveniji\",\"publisher\":{\"@id\":\"https:\/\/castlepodsreda.com\/hr\/#organization\"},\"potentialAction\":[{\"@type\":\"SearchAction\",\"target\":{\"@type\":\"EntryPoint\",\"urlTemplate\":\"https:\/\/castlepodsreda.com\/hr\/?s={search_term_string}\"},\"query-input\":\"required name=search_term_string\"}],\"inLanguage\":\"hr\"},{\"@type\":\"Organization\",\"@id\":\"https:\/\/castlepodsreda.com\/hr\/#organization\",\"name\":\"Grad Podsreda | Sobe in apartmaji | Grajska ponudba\",\"url\":\"https:\/\/castlepodsreda.com\/hr\/\",\"logo\":{\"@type\":\"ImageObject\",\"inLanguage\":\"hr\",\"@id\":\"https:\/\/castlepodsreda.com\/hr\/#\/schema\/logo\/image\/\",\"url\":\"https:\/\/castlepodsreda.com\/wp-content\/uploads\/2020\/04\/logo-grad-podsreda-2.jpg\",\"contentUrl\":\"https:\/\/castlepodsreda.com\/wp-content\/uploads\/2020\/04\/logo-grad-podsreda-2.jpg\",\"width\":576,\"height\":576,\"caption\":\"Grad Podsreda | Sobe in apartmaji | Grajska ponudba\"},\"image\":{\"@id\":\"https:\/\/castlepodsreda.com\/hr\/#\/schema\/logo\/image\/\"},\"sameAs\":[\"https:\/\/www.instagram.com\/podsredacastle\/\",\"https:\/\/www.facebook.com\/podsredacastle\"]},{\"@type\":\"Person\",\"@id\":\"https:\/\/castlepodsreda.com\/hr\/#\/schema\/person\/198d485f44bf3a58695a9e70049ea060\",\"name\":\"Administrator\",\"image\":{\"@type\":\"ImageObject\",\"inLanguage\":\"hr\",\"@id\":\"https:\/\/castlepodsreda.com\/hr\/#\/schema\/person\/image\/\",\"url\":\"https:\/\/secure.gravatar.com\/avatar\/1d9d2804165559256920cd8e4ed784aa?s=96&d=mm&r=g\",\"contentUrl\":\"https:\/\/secure.gravatar.com\/avatar\/1d9d2804165559256920cd8e4ed784aa?s=96&d=mm&r=g\",\"caption\":\"Administrator\"},\"sameAs\":[\"https:\/\/www.castlepodsreda.com\"]}]}<\/script>\n<!-- \/ Yoast SEO plugin. -->","yoast_head_json":{"title":"ZELENA BUDU\u0106NOST NA DVORCU PODSREDA: SLU\u017dBENA DODJELA ZNAKA SLOVENIA GREEN | Grad Podsreda | Sobe in apartmaji | Grajska ponudba","description":"Dvorac Podsreda primio je plaketu Slovenia Green na Danima slovenskog turizma, \u010dime je potvr\u0111ena na\u0161a predanost odr\u017eivom turizmu i o\u010duvanju prirode kao prve zelene atrakcije \u0161ire regije Savinja.","robots":{"index":"index","follow":"follow","max-snippet":"max-snippet:-1","max-image-preview":"max-image-preview:large","max-video-preview":"max-video-preview:-1"},"canonical":"https:\/\/castlepodsreda.com\/hr\/zelena-buducnost-na-dvorcu-podsreda-sluzbena-dodjela-znaka-slovenia-green\/","og_locale":"hr_HR","og_type":"article","og_title":"ZELENA BUDU\u0106NOST NA DVORCU PODSREDA: SLU\u017dBENA DODJELA ZNAKA SLOVENIA GREEN | Grad Podsreda | Sobe in apartmaji | Grajska ponudba","og_description":"Dvorac Podsreda primio je plaketu Slovenia Green na Danima slovenskog turizma, \u010dime je potvr\u0111ena na\u0161a predanost odr\u017eivom turizmu i o\u010duvanju prirode kao prve zelene atrakcije \u0161ire regije Savinja.","og_url":"https:\/\/castlepodsreda.com\/hr\/zelena-buducnost-na-dvorcu-podsreda-sluzbena-dodjela-znaka-slovenia-green\/","og_site_name":"Grad Podsreda | Sobe in apartmaji | Grajska ponudba","article_publisher":"https:\/\/www.facebook.com\/podsredacastle","article_published_time":"2024-12-21T22:22:14+00:00","article_modified_time":"2024-12-21T22:39:14+00:00","og_image":[{"width":1125,"height":1017,"url":"https:\/\/castlepodsreda.com\/wp-content\/uploads\/2024\/12\/ZELENA-PRIHODNOST-NA-GRADU-PODSREDA_SLAVNOSTNA-PODELITEV-ZNAKA-SLOVENIA-GREEN_1.jpg","type":"image\/jpeg"}],"author":"Administrator","twitter_card":"summary_large_image","twitter_misc":{"Napisao\/la":"Administrator","Procijenjeno vrijeme \u010ditanja":"2 minute"},"schema":{"@context":"https:\/\/schema.org","@graph":[{"@type":"Article","@id":"https:\/\/castlepodsreda.com\/hr\/zelena-buducnost-na-dvorcu-podsreda-sluzbena-dodjela-znaka-slovenia-green\/#article","isPartOf":{"@id":"https:\/\/castlepodsreda.com\/hr\/zelena-buducnost-na-dvorcu-podsreda-sluzbena-dodjela-znaka-slovenia-green\/"},"author":{"name":"Administrator","@id":"https:\/\/castlepodsreda.com\/hr\/#\/schema\/person\/198d485f44bf3a58695a9e70049ea060"},"headline":"ZELENA BUDU\u0106NOST NA DVORCU PODSREDA: SLU\u017dBENA DODJELA ZNAKA SLOVENIA GREEN","datePublished":"2024-12-21T22:22:14+00:00","dateModified":"2024-12-21T22:39:14+00:00","mainEntityOfPage":{"@id":"https:\/\/castlepodsreda.com\/hr\/zelena-buducnost-na-dvorcu-podsreda-sluzbena-dodjela-znaka-slovenia-green\/"},"wordCount":395,"commentCount":0,"publisher":{"@id":"https:\/\/castlepodsreda.com\/hr\/#organization"},"articleSection":["NOVOSTI","Uncategorized @hr"],"inLanguage":"hr","potentialAction":[{"@type":"CommentAction","name":"Comment","target":["https:\/\/castlepodsreda.com\/hr\/zelena-buducnost-na-dvorcu-podsreda-sluzbena-dodjela-znaka-slovenia-green\/#respond"]}]},{"@type":"WebPage","@id":"https:\/\/castlepodsreda.com\/hr\/zelena-buducnost-na-dvorcu-podsreda-sluzbena-dodjela-znaka-slovenia-green\/","url":"https:\/\/castlepodsreda.com\/hr\/zelena-buducnost-na-dvorcu-podsreda-sluzbena-dodjela-znaka-slovenia-green\/","name":"ZELENA BUDU\u0106NOST NA DVORCU PODSREDA: SLU\u017dBENA DODJELA ZNAKA SLOVENIA GREEN | Grad Podsreda | Sobe in apartmaji | Grajska ponudba","isPartOf":{"@id":"https:\/\/castlepodsreda.com\/hr\/#website"},"datePublished":"2024-12-21T22:22:14+00:00","dateModified":"2024-12-21T22:39:14+00:00","description":"Dvorac Podsreda primio je plaketu Slovenia Green na Danima slovenskog turizma, \u010dime je potvr\u0111ena na\u0161a predanost odr\u017eivom turizmu i o\u010duvanju prirode kao prve zelene atrakcije \u0161ire regije Savinja.","breadcrumb":{"@id":"https:\/\/castlepodsreda.com\/hr\/zelena-buducnost-na-dvorcu-podsreda-sluzbena-dodjela-znaka-slovenia-green\/#breadcrumb"},"inLanguage":"hr","potentialAction":[{"@type":"ReadAction","target":["https:\/\/castlepodsreda.com\/hr\/zelena-buducnost-na-dvorcu-podsreda-sluzbena-dodjela-znaka-slovenia-green\/"]}]},{"@type":"BreadcrumbList","@id":"https:\/\/castlepodsreda.com\/hr\/zelena-buducnost-na-dvorcu-podsreda-sluzbena-dodjela-znaka-slovenia-green\/#breadcrumb","itemListElement":[{"@type":"ListItem","position":1,"name":"Home","item":"https:\/\/castlepodsreda.com\/hr\/"},{"@type":"ListItem","position":2,"name":"ZELENA BUDU\u0106NOST NA DVORCU PODSREDA: SLU\u017dBENA DODJELA ZNAKA SLOVENIA GREEN"}]},{"@type":"WebSite","@id":"https:\/\/castlepodsreda.com\/hr\/#website","url":"https:\/\/castlepodsreda.com\/hr\/","name":"Grad Podsreda | Sobe in apartmaji | Grajska ponudba","description":"Najbolj grajski med gradovi v Sloveniji","publisher":{"@id":"https:\/\/castlepodsreda.com\/hr\/#organization"},"potentialAction":[{"@type":"SearchAction","target":{"@type":"EntryPoint","urlTemplate":"https:\/\/castlepodsreda.com\/hr\/?s={search_term_string}"},"query-input":"required name=search_term_string"}],"inLanguage":"hr"},{"@type":"Organization","@id":"https:\/\/castlepodsreda.com\/hr\/#organization","name":"Grad Podsreda | Sobe in apartmaji | Grajska ponudba","url":"https:\/\/castlepodsreda.com\/hr\/","logo":{"@type":"ImageObject","inLanguage":"hr","@id":"https:\/\/castlepodsreda.com\/hr\/#\/schema\/logo\/image\/","url":"https:\/\/castlepodsreda.com\/wp-content\/uploads\/2020\/04\/logo-grad-podsreda-2.jpg","contentUrl":"https:\/\/castlepodsreda.com\/wp-content\/uploads\/2020\/04\/logo-grad-podsreda-2.jpg","width":576,"height":576,"caption":"Grad Podsreda | Sobe in apartmaji | Grajska ponudba"},"image":{"@id":"https:\/\/castlepodsreda.com\/hr\/#\/schema\/logo\/image\/"},"sameAs":["https:\/\/www.instagram.com\/podsredacastle\/","https:\/\/www.facebook.com\/podsredacastle"]},{"@type":"Person","@id":"https:\/\/castlepodsreda.com\/hr\/#\/schema\/person\/198d485f44bf3a58695a9e70049ea060","name":"Administrator","image":{"@type":"ImageObject","inLanguage":"hr","@id":"https:\/\/castlepodsreda.com\/hr\/#\/schema\/person\/image\/","url":"https:\/\/secure.gravatar.com\/avatar\/1d9d2804165559256920cd8e4ed784aa?s=96&d=mm&r=g","contentUrl":"https:\/\/secure.gravatar.com\/avatar\/1d9d2804165559256920cd8e4ed784aa?s=96&d=mm&r=g","caption":"Administrator"},"sameAs":["https:\/\/www.castlepodsreda.com"]}]}},"_links":{"self":[{"href":"https:\/\/castlepodsreda.com\/hr\/wp-json\/wp\/v2\/posts\/37622"}],"collection":[{"href":"https:\/\/castlepodsreda.com\/hr\/wp-json\/wp\/v2\/posts"}],"about":[{"href":"https:\/\/castlepodsreda.com\/hr\/wp-json\/wp\/v2\/types\/post"}],"author":[{"embeddable":true,"href":"https:\/\/castlepodsreda.com\/hr\/wp-json\/wp\/v2\/users\/2"}],"replies":[{"embeddable":true,"href":"https:\/\/castlepodsreda.com\/hr\/wp-json\/wp\/v2\/comments?post=37622"}],"version-history":[{"count":3,"href":"https:\/\/castlepodsreda.com\/hr\/wp-json\/wp\/v2\/posts\/37622\/revisions"}],"predecessor-version":[{"id":37626,"href":"https:\/\/castlepodsreda.com\/hr\/wp-json\/wp\/v2\/posts\/37622\/revisions\/37626"}],"wp:featuredmedia":[{"embeddable":true,"href":"https:\/\/castlepodsreda.com\/hr\/wp-json\/wp\/v2\/media\/37612"}],"wp:attachment":[{"href":"https:\/\/castlepodsreda.com\/hr\/wp-json\/wp\/v2\/media?parent=37622"}],"wp:term":[{"taxonomy":"category","embeddable":true,"href":"https:\/\/castlepodsreda.com\/hr\/wp-json\/wp\/v2\/categories?post=37622"},{"taxonomy":"post_tag","embeddable":true,"href":"https:\/\/castlepodsreda.com\/hr\/wp-json\/wp\/v2\/tags?post=37622"}],"curies":[{"name":"wp","href":"https:\/\/api.w.org\/{rel}","templated":true}]}}