{"id":37634,"date":"2024-12-21T22:45:46","date_gmt":"2024-12-21T22:45:46","guid":{"rendered":"https:\/\/castlepodsreda.com\/?p=37634"},"modified":"2024-12-21T22:49:47","modified_gmt":"2024-12-21T22:49:47","slug":"obavijest-o-privremenom-zatvaranju-dvorca-podsreda","status":"publish","type":"post","link":"https:\/\/castlepodsreda.com\/hr\/obavijest-o-privremenom-zatvaranju-dvorca-podsreda\/","title":{"rendered":"OBAVIJEST O PRIVREMENOM ZATVARANJU DVORCA PODSREDA"},"content":{"rendered":"<p><strong>Po\u0161tovani posjetitelji,<\/strong><\/p>\n<p><strong>Obavje\u0161tavamo vas da \u0107e dvorac Podsreda biti privremeno zatvoren tijekom blagdanskog razdoblja, od 23. prosinca 2024. do 6. sije\u010dnja 2025. Tijekom tog vremena pripremat \u0107emo nove pri\u010de i do\u017eivljaje koje \u0107emo s vama podijeliti po\u010detkom 2025. godine, kada ponovno otvaramo vrata dvorca.<\/strong><\/p>\n<p>Ovom prilikom \u017eelimo vam mirne i tople bo\u017ei\u0107ne blagdane te sretnu, zdravu i uspje\u0161nu novu godinu! Neka 2025. godina bude ispunjena \u010darobnim trenucima koje \u0107emo zajedno stvarati u na\u0161em o\u010daravaju\u0107em dvorcu Podsreda.<\/p>\n<p>Hvala vam \u0161to ste dio pri\u010de na\u0161eg dvorca. Radujemo se va\u0161em posjetu u novoj godini!<\/p>\n<p>S po\u0161tovanjem,<br \/>\nTim Dvorca Podsreda<\/p>\n","protected":false},"excerpt":{"rendered":"<p>Dvorac Podsreda bit \u0107e privremeno zatvoren od 23. prosinca 2024. do 6. sije\u010dnja 2025. kako bismo pripremili nove avanture i do\u017eivljaje koji \u0107e biti predstavljeni po\u010detkom 2025. \u017delimo vam radosne blagdane i sretnu novu godinu te se radujemo va\u0161em posjetu u novoj godini.<\/p>\n","protected":false},"author":2,"featured_media":29536,"comment_status":"open","ping_status":"open","sticky":false,"template":"","format":"standard","meta":[],"categories":[1047,806],"tags":[],"yoast_head":"<!-- This site is optimized with the Yoast SEO plugin v19.14 - https:\/\/yoast.com\/wordpress\/plugins\/seo\/ -->\n<title>OBAVIJEST O PRIVREMENOM ZATVARANJU DVORCA PODSREDA | Grad Podsreda | Sobe in apartmaji | Grajska ponudba<\/title>\n<meta name=\"description\" content=\"Dvorac Podsreda bit \u0107e privremeno zatvoren od 23. prosinca 2024. do 6. sije\u010dnja 2025. kako bismo pripremili nove avanture i do\u017eivljaje koji \u0107e biti predstavljeni po\u010detkom 2025. \u017delimo vam radosne blagdane i sretnu novu godinu te se radujemo va\u0161em posjetu u novoj godini.\" \/>\n<meta name=\"robots\" content=\"index, follow, max-snippet:-1, max-image-preview:large, max-video-preview:-1\" \/>\n<link rel=\"canonical\" href=\"https:\/\/castlepodsreda.com\/hr\/obavijest-o-privremenom-zatvaranju-dvorca-podsreda\/\" \/>\n<meta property=\"og:locale\" content=\"hr_HR\" \/>\n<meta property=\"og:type\" content=\"article\" \/>\n<meta property=\"og:title\" content=\"OBAVIJEST O PRIVREMENOM ZATVARANJU DVORCA PODSREDA | Grad Podsreda | Sobe in apartmaji | Grajska ponudba\" \/>\n<meta property=\"og:description\" content=\"Dvorac Podsreda bit \u0107e privremeno zatvoren od 23. prosinca 2024. do 6. sije\u010dnja 2025. kako bismo pripremili nove avanture i do\u017eivljaje koji \u0107e biti predstavljeni po\u010detkom 2025. \u017delimo vam radosne blagdane i sretnu novu godinu te se radujemo va\u0161em posjetu u novoj godini.\" \/>\n<meta property=\"og:url\" content=\"https:\/\/castlepodsreda.com\/hr\/obavijest-o-privremenom-zatvaranju-dvorca-podsreda\/\" \/>\n<meta property=\"og:site_name\" content=\"Grad Podsreda | Sobe in apartmaji | Grajska ponudba\" \/>\n<meta property=\"article:publisher\" content=\"https:\/\/www.facebook.com\/podsredacastle\" \/>\n<meta property=\"article:published_time\" content=\"2024-12-21T22:45:46+00:00\" \/>\n<meta property=\"article:modified_time\" content=\"2024-12-21T22:49:47+00:00\" \/>\n<meta property=\"og:image\" content=\"https:\/\/castlepodsreda.com\/wp-content\/uploads\/2023\/02\/grad-Podsreda_zima_MV.jpg\" \/>\n\t<meta property=\"og:image:width\" content=\"465\" \/>\n\t<meta property=\"og:image:height\" content=\"420\" \/>\n\t<meta property=\"og:image:type\" content=\"image\/jpeg\" \/>\n<meta name=\"author\" content=\"Administrator\" \/>\n<meta name=\"twitter:card\" content=\"summary_large_image\" \/>\n<meta name=\"twitter:label1\" content=\"Napisao\/la\" \/>\n\t<meta name=\"twitter:data1\" content=\"Administrator\" \/>\n\t<meta name=\"twitter:label2\" content=\"Procijenjeno vrijeme \u010ditanja\" \/>\n\t<meta name=\"twitter:data2\" content=\"1 minuta\" \/>\n<script type=\"application\/ld+json\" class=\"yoast-schema-graph\">{\"@context\":\"https:\/\/schema.org\",\"@graph\":[{\"@type\":\"Article\",\"@id\":\"https:\/\/castlepodsreda.com\/hr\/obavijest-o-privremenom-zatvaranju-dvorca-podsreda\/#article\",\"isPartOf\":{\"@id\":\"https:\/\/castlepodsreda.com\/hr\/obavijest-o-privremenom-zatvaranju-dvorca-podsreda\/\"},\"author\":{\"name\":\"Administrator\",\"@id\":\"https:\/\/castlepodsreda.com\/hr\/#\/schema\/person\/198d485f44bf3a58695a9e70049ea060\"},\"headline\":\"OBAVIJEST O PRIVREMENOM ZATVARANJU DVORCA PODSREDA\",\"datePublished\":\"2024-12-21T22:45:46+00:00\",\"dateModified\":\"2024-12-21T22:49:47+00:00\",\"mainEntityOfPage\":{\"@id\":\"https:\/\/castlepodsreda.com\/hr\/obavijest-o-privremenom-zatvaranju-dvorca-podsreda\/\"},\"wordCount\":112,\"commentCount\":0,\"publisher\":{\"@id\":\"https:\/\/castlepodsreda.com\/hr\/#organization\"},\"articleSection\":[\"NOVOSTI\",\"Uncategorized @hr\"],\"inLanguage\":\"hr\",\"potentialAction\":[{\"@type\":\"CommentAction\",\"name\":\"Comment\",\"target\":[\"https:\/\/castlepodsreda.com\/hr\/obavijest-o-privremenom-zatvaranju-dvorca-podsreda\/#respond\"]}]},{\"@type\":\"WebPage\",\"@id\":\"https:\/\/castlepodsreda.com\/hr\/obavijest-o-privremenom-zatvaranju-dvorca-podsreda\/\",\"url\":\"https:\/\/castlepodsreda.com\/hr\/obavijest-o-privremenom-zatvaranju-dvorca-podsreda\/\",\"name\":\"OBAVIJEST O PRIVREMENOM ZATVARANJU DVORCA PODSREDA | Grad Podsreda | Sobe in apartmaji | Grajska ponudba\",\"isPartOf\":{\"@id\":\"https:\/\/castlepodsreda.com\/hr\/#website\"},\"datePublished\":\"2024-12-21T22:45:46+00:00\",\"dateModified\":\"2024-12-21T22:49:47+00:00\",\"description\":\"Dvorac Podsreda bit \u0107e privremeno zatvoren od 23. prosinca 2024. do 6. sije\u010dnja 2025. kako bismo pripremili nove avanture i do\u017eivljaje koji \u0107e biti predstavljeni po\u010detkom 2025. \u017delimo vam radosne blagdane i sretnu novu godinu te se radujemo va\u0161em posjetu u novoj godini.\",\"breadcrumb\":{\"@id\":\"https:\/\/castlepodsreda.com\/hr\/obavijest-o-privremenom-zatvaranju-dvorca-podsreda\/#breadcrumb\"},\"inLanguage\":\"hr\",\"potentialAction\":[{\"@type\":\"ReadAction\",\"target\":[\"https:\/\/castlepodsreda.com\/hr\/obavijest-o-privremenom-zatvaranju-dvorca-podsreda\/\"]}]},{\"@type\":\"BreadcrumbList\",\"@id\":\"https:\/\/castlepodsreda.com\/hr\/obavijest-o-privremenom-zatvaranju-dvorca-podsreda\/#breadcrumb\",\"itemListElement\":[{\"@type\":\"ListItem\",\"position\":1,\"name\":\"Home\",\"item\":\"https:\/\/castlepodsreda.com\/hr\/\"},{\"@type\":\"ListItem\",\"position\":2,\"name\":\"OBAVIJEST O PRIVREMENOM ZATVARANJU DVORCA PODSREDA\"}]},{\"@type\":\"WebSite\",\"@id\":\"https:\/\/castlepodsreda.com\/hr\/#website\",\"url\":\"https:\/\/castlepodsreda.com\/hr\/\",\"name\":\"Grad Podsreda | Sobe in apartmaji | Grajska ponudba\",\"description\":\"Najbolj grajski med gradovi v Sloveniji\",\"publisher\":{\"@id\":\"https:\/\/castlepodsreda.com\/hr\/#organization\"},\"potentialAction\":[{\"@type\":\"SearchAction\",\"target\":{\"@type\":\"EntryPoint\",\"urlTemplate\":\"https:\/\/castlepodsreda.com\/hr\/?s={search_term_string}\"},\"query-input\":\"required name=search_term_string\"}],\"inLanguage\":\"hr\"},{\"@type\":\"Organization\",\"@id\":\"https:\/\/castlepodsreda.com\/hr\/#organization\",\"name\":\"Grad Podsreda | Sobe in apartmaji | Grajska ponudba\",\"url\":\"https:\/\/castlepodsreda.com\/hr\/\",\"logo\":{\"@type\":\"ImageObject\",\"inLanguage\":\"hr\",\"@id\":\"https:\/\/castlepodsreda.com\/hr\/#\/schema\/logo\/image\/\",\"url\":\"https:\/\/castlepodsreda.com\/wp-content\/uploads\/2020\/04\/logo-grad-podsreda-2.jpg\",\"contentUrl\":\"https:\/\/castlepodsreda.com\/wp-content\/uploads\/2020\/04\/logo-grad-podsreda-2.jpg\",\"width\":576,\"height\":576,\"caption\":\"Grad Podsreda | Sobe in apartmaji | Grajska ponudba\"},\"image\":{\"@id\":\"https:\/\/castlepodsreda.com\/hr\/#\/schema\/logo\/image\/\"},\"sameAs\":[\"https:\/\/www.instagram.com\/podsredacastle\/\",\"https:\/\/www.facebook.com\/podsredacastle\"]},{\"@type\":\"Person\",\"@id\":\"https:\/\/castlepodsreda.com\/hr\/#\/schema\/person\/198d485f44bf3a58695a9e70049ea060\",\"name\":\"Administrator\",\"image\":{\"@type\":\"ImageObject\",\"inLanguage\":\"hr\",\"@id\":\"https:\/\/castlepodsreda.com\/hr\/#\/schema\/person\/image\/\",\"url\":\"https:\/\/secure.gravatar.com\/avatar\/1d9d2804165559256920cd8e4ed784aa?s=96&d=mm&r=g\",\"contentUrl\":\"https:\/\/secure.gravatar.com\/avatar\/1d9d2804165559256920cd8e4ed784aa?s=96&d=mm&r=g\",\"caption\":\"Administrator\"},\"sameAs\":[\"https:\/\/www.castlepodsreda.com\"]}]}<\/script>\n<!-- \/ Yoast SEO plugin. -->","yoast_head_json":{"title":"OBAVIJEST O PRIVREMENOM ZATVARANJU DVORCA PODSREDA | Grad Podsreda | Sobe in apartmaji | Grajska ponudba","description":"Dvorac Podsreda bit \u0107e privremeno zatvoren od 23. prosinca 2024. do 6. sije\u010dnja 2025. kako bismo pripremili nove avanture i do\u017eivljaje koji \u0107e biti predstavljeni po\u010detkom 2025. \u017delimo vam radosne blagdane i sretnu novu godinu te se radujemo va\u0161em posjetu u novoj godini.","robots":{"index":"index","follow":"follow","max-snippet":"max-snippet:-1","max-image-preview":"max-image-preview:large","max-video-preview":"max-video-preview:-1"},"canonical":"https:\/\/castlepodsreda.com\/hr\/obavijest-o-privremenom-zatvaranju-dvorca-podsreda\/","og_locale":"hr_HR","og_type":"article","og_title":"OBAVIJEST O PRIVREMENOM ZATVARANJU DVORCA PODSREDA | Grad Podsreda | Sobe in apartmaji | Grajska ponudba","og_description":"Dvorac Podsreda bit \u0107e privremeno zatvoren od 23. prosinca 2024. do 6. sije\u010dnja 2025. kako bismo pripremili nove avanture i do\u017eivljaje koji \u0107e biti predstavljeni po\u010detkom 2025. \u017delimo vam radosne blagdane i sretnu novu godinu te se radujemo va\u0161em posjetu u novoj godini.","og_url":"https:\/\/castlepodsreda.com\/hr\/obavijest-o-privremenom-zatvaranju-dvorca-podsreda\/","og_site_name":"Grad Podsreda | Sobe in apartmaji | Grajska ponudba","article_publisher":"https:\/\/www.facebook.com\/podsredacastle","article_published_time":"2024-12-21T22:45:46+00:00","article_modified_time":"2024-12-21T22:49:47+00:00","og_image":[{"width":465,"height":420,"url":"https:\/\/castlepodsreda.com\/wp-content\/uploads\/2023\/02\/grad-Podsreda_zima_MV.jpg","type":"image\/jpeg"}],"author":"Administrator","twitter_card":"summary_large_image","twitter_misc":{"Napisao\/la":"Administrator","Procijenjeno vrijeme \u010ditanja":"1 minuta"},"schema":{"@context":"https:\/\/schema.org","@graph":[{"@type":"Article","@id":"https:\/\/castlepodsreda.com\/hr\/obavijest-o-privremenom-zatvaranju-dvorca-podsreda\/#article","isPartOf":{"@id":"https:\/\/castlepodsreda.com\/hr\/obavijest-o-privremenom-zatvaranju-dvorca-podsreda\/"},"author":{"name":"Administrator","@id":"https:\/\/castlepodsreda.com\/hr\/#\/schema\/person\/198d485f44bf3a58695a9e70049ea060"},"headline":"OBAVIJEST O PRIVREMENOM ZATVARANJU DVORCA PODSREDA","datePublished":"2024-12-21T22:45:46+00:00","dateModified":"2024-12-21T22:49:47+00:00","mainEntityOfPage":{"@id":"https:\/\/castlepodsreda.com\/hr\/obavijest-o-privremenom-zatvaranju-dvorca-podsreda\/"},"wordCount":112,"commentCount":0,"publisher":{"@id":"https:\/\/castlepodsreda.com\/hr\/#organization"},"articleSection":["NOVOSTI","Uncategorized @hr"],"inLanguage":"hr","potentialAction":[{"@type":"CommentAction","name":"Comment","target":["https:\/\/castlepodsreda.com\/hr\/obavijest-o-privremenom-zatvaranju-dvorca-podsreda\/#respond"]}]},{"@type":"WebPage","@id":"https:\/\/castlepodsreda.com\/hr\/obavijest-o-privremenom-zatvaranju-dvorca-podsreda\/","url":"https:\/\/castlepodsreda.com\/hr\/obavijest-o-privremenom-zatvaranju-dvorca-podsreda\/","name":"OBAVIJEST O PRIVREMENOM ZATVARANJU DVORCA PODSREDA | Grad Podsreda | Sobe in apartmaji | Grajska ponudba","isPartOf":{"@id":"https:\/\/castlepodsreda.com\/hr\/#website"},"datePublished":"2024-12-21T22:45:46+00:00","dateModified":"2024-12-21T22:49:47+00:00","description":"Dvorac Podsreda bit \u0107e privremeno zatvoren od 23. prosinca 2024. do 6. sije\u010dnja 2025. kako bismo pripremili nove avanture i do\u017eivljaje koji \u0107e biti predstavljeni po\u010detkom 2025. \u017delimo vam radosne blagdane i sretnu novu godinu te se radujemo va\u0161em posjetu u novoj godini.","breadcrumb":{"@id":"https:\/\/castlepodsreda.com\/hr\/obavijest-o-privremenom-zatvaranju-dvorca-podsreda\/#breadcrumb"},"inLanguage":"hr","potentialAction":[{"@type":"ReadAction","target":["https:\/\/castlepodsreda.com\/hr\/obavijest-o-privremenom-zatvaranju-dvorca-podsreda\/"]}]},{"@type":"BreadcrumbList","@id":"https:\/\/castlepodsreda.com\/hr\/obavijest-o-privremenom-zatvaranju-dvorca-podsreda\/#breadcrumb","itemListElement":[{"@type":"ListItem","position":1,"name":"Home","item":"https:\/\/castlepodsreda.com\/hr\/"},{"@type":"ListItem","position":2,"name":"OBAVIJEST O PRIVREMENOM ZATVARANJU DVORCA PODSREDA"}]},{"@type":"WebSite","@id":"https:\/\/castlepodsreda.com\/hr\/#website","url":"https:\/\/castlepodsreda.com\/hr\/","name":"Grad Podsreda | Sobe in apartmaji | Grajska ponudba","description":"Najbolj grajski med gradovi v Sloveniji","publisher":{"@id":"https:\/\/castlepodsreda.com\/hr\/#organization"},"potentialAction":[{"@type":"SearchAction","target":{"@type":"EntryPoint","urlTemplate":"https:\/\/castlepodsreda.com\/hr\/?s={search_term_string}"},"query-input":"required name=search_term_string"}],"inLanguage":"hr"},{"@type":"Organization","@id":"https:\/\/castlepodsreda.com\/hr\/#organization","name":"Grad Podsreda | Sobe in apartmaji | Grajska ponudba","url":"https:\/\/castlepodsreda.com\/hr\/","logo":{"@type":"ImageObject","inLanguage":"hr","@id":"https:\/\/castlepodsreda.com\/hr\/#\/schema\/logo\/image\/","url":"https:\/\/castlepodsreda.com\/wp-content\/uploads\/2020\/04\/logo-grad-podsreda-2.jpg","contentUrl":"https:\/\/castlepodsreda.com\/wp-content\/uploads\/2020\/04\/logo-grad-podsreda-2.jpg","width":576,"height":576,"caption":"Grad Podsreda | Sobe in apartmaji | Grajska ponudba"},"image":{"@id":"https:\/\/castlepodsreda.com\/hr\/#\/schema\/logo\/image\/"},"sameAs":["https:\/\/www.instagram.com\/podsredacastle\/","https:\/\/www.facebook.com\/podsredacastle"]},{"@type":"Person","@id":"https:\/\/castlepodsreda.com\/hr\/#\/schema\/person\/198d485f44bf3a58695a9e70049ea060","name":"Administrator","image":{"@type":"ImageObject","inLanguage":"hr","@id":"https:\/\/castlepodsreda.com\/hr\/#\/schema\/person\/image\/","url":"https:\/\/secure.gravatar.com\/avatar\/1d9d2804165559256920cd8e4ed784aa?s=96&d=mm&r=g","contentUrl":"https:\/\/secure.gravatar.com\/avatar\/1d9d2804165559256920cd8e4ed784aa?s=96&d=mm&r=g","caption":"Administrator"},"sameAs":["https:\/\/www.castlepodsreda.com"]}]}},"_links":{"self":[{"href":"https:\/\/castlepodsreda.com\/hr\/wp-json\/wp\/v2\/posts\/37634"}],"collection":[{"href":"https:\/\/castlepodsreda.com\/hr\/wp-json\/wp\/v2\/posts"}],"about":[{"href":"https:\/\/castlepodsreda.com\/hr\/wp-json\/wp\/v2\/types\/post"}],"author":[{"embeddable":true,"href":"https:\/\/castlepodsreda.com\/hr\/wp-json\/wp\/v2\/users\/2"}],"replies":[{"embeddable":true,"href":"https:\/\/castlepodsreda.com\/hr\/wp-json\/wp\/v2\/comments?post=37634"}],"version-history":[{"count":2,"href":"https:\/\/castlepodsreda.com\/hr\/wp-json\/wp\/v2\/posts\/37634\/revisions"}],"predecessor-version":[{"id":37637,"href":"https:\/\/castlepodsreda.com\/hr\/wp-json\/wp\/v2\/posts\/37634\/revisions\/37637"}],"wp:featuredmedia":[{"embeddable":true,"href":"https:\/\/castlepodsreda.com\/hr\/wp-json\/wp\/v2\/media\/29536"}],"wp:attachment":[{"href":"https:\/\/castlepodsreda.com\/hr\/wp-json\/wp\/v2\/media?parent=37634"}],"wp:term":[{"taxonomy":"category","embeddable":true,"href":"https:\/\/castlepodsreda.com\/hr\/wp-json\/wp\/v2\/categories?post=37634"},{"taxonomy":"post_tag","embeddable":true,"href":"https:\/\/castlepodsreda.com\/hr\/wp-json\/wp\/v2\/tags?post=37634"}],"curies":[{"name":"wp","href":"https:\/\/api.w.org\/{rel}","templated":true}]}}